{"id":342348,"date":"2024-12-04T00:00:56","date_gmt":"2024-12-04T03:00:56","guid":{"rendered":"https:\/\/www.notibras.com\/site\/?p=342348"},"modified":"2024-12-04T06:51:46","modified_gmt":"2024-12-04T09:51:46","slug":"gabriel-foi-executado-diz-mae-de-jovem-morto-por-policial-militar","status":"publish","type":"post","link":"https:\/\/www.notibras.com\/site\/gabriel-foi-executado-diz-mae-de-jovem-morto-por-policial-militar\/","title":{"rendered":"&#8216;Gabriel foi executado&#8217;, diz m\u00e3e de jovem morto por policial militar"},"content":{"rendered":"<p>O caso envolvendo a morte de Gabriel Santos Costa, um adolescente de 17 anos, gerou grande como\u00e7\u00e3o em Salvador. Segundo a m\u00e3e de Gabriel, ele foi executado por um policial militar.<\/p>\n<p>O epis\u00f3dio teria ocorrido ap\u00f3s uma abordagem policial que terminou com o adolescente sendo baleado. A m\u00e3e da v\u00edtima afirma que o jovem n\u00e3o representava amea\u00e7a e que a a\u00e7\u00e3o foi desproporcional.<\/p>\n<p>O policial diz que reagiu a uma suposta amea\u00e7a, vers\u00e3o que est\u00e1 sendo investigada. Entretanto, familiares e testemunhas contestaram essa narrativa, alegando que Gabriel n\u00e3o estava armado e n\u00e3o ofereceu nenhuma resist\u00eancia \u00e0 abordagem.<\/p>\n<p>O caso est\u00e1 sendo apurado pela Corregedoria da Pol\u00edcia Militar e pelo Departamento de Homic\u00eddios e Prote\u00e7\u00e3o \u00e0 Pessoa (DHPP) .<\/p>\n<p>A morte de Gabriel reacendeu debates sobre viol\u00eancia policial e o tratamento dado a jovens negros em comunidades perif\u00e9ricas. Um protesto organizado por familiares e amigos do adolescente est\u00e1 sendo planejado para chamar a aten\u00e7\u00e3o das autoridades por justi\u00e7a.<\/p>\n<p>A situa\u00e7\u00e3o ainda \u00e9 muito delicada e novos desdobramentos podem surgir conforme a investiga\u00e7\u00e3o avan\u00e7ar.<\/p>\n","protected":false},"excerpt":{"rendered":"<p>O caso envolvendo a morte de Gabriel Santos Costa, um adolescente de 17 anos, gerou grande como\u00e7\u00e3o em Salvador. Segundo a m\u00e3e de Gabriel, ele foi executado por um policial militar. O epis\u00f3dio teria ocorrido ap\u00f3s uma abordagem policial que terminou com o adolescente sendo baleado. A m\u00e3e da v\u00edtima afirma que o jovem n\u00e3o [&hellip;]<\/p>\n","protected":false},"author":2,"featured_media":342349,"comment_status":"closed","ping_status":"closed","sticky":false,"template":"","format":"standard","meta":{"_acf_changed":false,"footnotes":""},"categories":[165],"tags":[],"class_list":["post-342348","post","type-post","status-publish","format-standard","has-post-thumbnail","hentry","category-nordeste"],"acf":[],"_links":{"self":[{"href":"https:\/\/www.notibras.com\/site\/wp-json\/wp\/v2\/posts\/342348","targetHints":{"allow":["GET"]}}],"collection":[{"href":"https:\/\/www.notibras.com\/site\/wp-json\/wp\/v2\/posts"}],"about":[{"href":"https:\/\/www.notibras.com\/site\/wp-json\/wp\/v2\/types\/post"}],"author":[{"embeddable":true,"href":"https:\/\/www.notibras.com\/site\/wp-json\/wp\/v2\/users\/2"}],"replies":[{"embeddable":true,"href":"https:\/\/www.notibras.com\/site\/wp-json\/wp\/v2\/comments?post=342348"}],"version-history":[{"count":1,"href":"https:\/\/www.notibras.com\/site\/wp-json\/wp\/v2\/posts\/342348\/revisions"}],"predecessor-version":[{"id":342350,"href":"https:\/\/www.notibras.com\/site\/wp-json\/wp\/v2\/posts\/342348\/revisions\/342350"}],"wp:featuredmedia":[{"embeddable":true,"href":"https:\/\/www.notibras.com\/site\/wp-json\/wp\/v2\/media\/342349"}],"wp:attachment":[{"href":"https:\/\/www.notibras.com\/site\/wp-json\/wp\/v2\/media?parent=342348"}],"wp:term":[{"taxonomy":"category","embeddable":true,"href":"https:\/\/www.notibras.com\/site\/wp-json\/wp\/v2\/categories?post=342348"},{"taxonomy":"post_tag","embeddable":true,"href":"https:\/\/www.notibras.com\/site\/wp-json\/wp\/v2\/tags?post=342348"}],"curies":[{"name":"wp","href":"https:\/\/api.w.org\/{rel}","templated":true}]}}