{"id":342351,"date":"2024-12-04T00:01:06","date_gmt":"2024-12-04T03:01:06","guid":{"rendered":"https:\/\/www.notibras.com\/site\/?p=342351"},"modified":"2024-12-04T07:02:29","modified_gmt":"2024-12-04T10:02:29","slug":"estiagem-faz-governo-decretar-emergencia-em-santa-helena","status":"publish","type":"post","link":"https:\/\/www.notibras.com\/site\/estiagem-faz-governo-decretar-emergencia-em-santa-helena\/","title":{"rendered":"Estiagem faz governo decretar emerg\u00eancia em Santa Helena"},"content":{"rendered":"<p>Uma longa estiagem levou o governo federal a decretar situa\u00e7\u00e3o de emerg\u00eancia na cidade maranhense de Santa Helena. O decreto permite a libera\u00e7\u00e3o de recursos emergenciais e facilita a implementa\u00e7\u00e3o de medidas de apoio.<\/p>\n<p>O Minist\u00e9rio da Integra\u00e7\u00e3o Nacional j\u00e1 iniciou movimentos, articulando a\u00e7\u00f5es como a distribui\u00e7\u00e3o de \u00e1gua pot\u00e1vel por meio de carros-pipa, suporte log\u00edstico \u00e0s comunidades mais afetadas e an\u00e1lise de projetos para mitigar os danos causados \u200b\u200bpela seca.<\/p>\n<p>Segundo especialistas, a seca prolongada est\u00e1 diretamente associada \u00e0s mudan\u00e7as clim\u00e1ticas e \u00e0 manipula\u00e7\u00e3o ambiental na regi\u00e3o. Os agricultores relatam preju\u00edzos, com perdas na produ\u00e7\u00e3o agr\u00edcola e dificuldade de sustento para suas fam\u00edlias.<\/p>\n<p>O governo federal tamb\u00e9m estuda estrat\u00e9gias de longo prazo, como a constru\u00e7\u00e3o de reservat\u00f3rios, perfura\u00e7\u00e3o de po\u00e7os artesianos e projetos de conviv\u00eancia sustent\u00e1vel com o semi\u00e1rido.<\/p>\n<p>A situa\u00e7\u00e3o em Santa Helena, afirmam t\u00e9cnicos do Dnocs, \u00e9 um exemplo da urg\u00eancia de pol\u00edticas p\u00fablicas externas \u00e0 adapta\u00e7\u00e3o clim\u00e1tica e ao suporte \u00e0s comunidades vulner\u00e1veis.<\/p>\n","protected":false},"excerpt":{"rendered":"<p>Uma longa estiagem levou o governo federal a decretar situa\u00e7\u00e3o de emerg\u00eancia na cidade maranhense de Santa Helena. O decreto permite a libera\u00e7\u00e3o de recursos emergenciais e facilita a implementa\u00e7\u00e3o de medidas de apoio. O Minist\u00e9rio da Integra\u00e7\u00e3o Nacional j\u00e1 iniciou movimentos, articulando a\u00e7\u00f5es como a distribui\u00e7\u00e3o de \u00e1gua pot\u00e1vel por meio de carros-pipa, suporte [&hellip;]<\/p>\n","protected":false},"author":2,"featured_media":342352,"comment_status":"closed","ping_status":"closed","sticky":false,"template":"","format":"standard","meta":{"_acf_changed":false,"footnotes":""},"categories":[165],"tags":[],"class_list":["post-342351","post","type-post","status-publish","format-standard","has-post-thumbnail","hentry","category-nordeste"],"acf":[],"_links":{"self":[{"href":"https:\/\/www.notibras.com\/site\/wp-json\/wp\/v2\/posts\/342351","targetHints":{"allow":["GET"]}}],"collection":[{"href":"https:\/\/www.notibras.com\/site\/wp-json\/wp\/v2\/posts"}],"about":[{"href":"https:\/\/www.notibras.com\/site\/wp-json\/wp\/v2\/types\/post"}],"author":[{"embeddable":true,"href":"https:\/\/www.notibras.com\/site\/wp-json\/wp\/v2\/users\/2"}],"replies":[{"embeddable":true,"href":"https:\/\/www.notibras.com\/site\/wp-json\/wp\/v2\/comments?post=342351"}],"version-history":[{"count":1,"href":"https:\/\/www.notibras.com\/site\/wp-json\/wp\/v2\/posts\/342351\/revisions"}],"predecessor-version":[{"id":342353,"href":"https:\/\/www.notibras.com\/site\/wp-json\/wp\/v2\/posts\/342351\/revisions\/342353"}],"wp:featuredmedia":[{"embeddable":true,"href":"https:\/\/www.notibras.com\/site\/wp-json\/wp\/v2\/media\/342352"}],"wp:attachment":[{"href":"https:\/\/www.notibras.com\/site\/wp-json\/wp\/v2\/media?parent=342351"}],"wp:term":[{"taxonomy":"category","embeddable":true,"href":"https:\/\/www.notibras.com\/site\/wp-json\/wp\/v2\/categories?post=342351"},{"taxonomy":"post_tag","embeddable":true,"href":"https:\/\/www.notibras.com\/site\/wp-json\/wp\/v2\/tags?post=342351"}],"curies":[{"name":"wp","href":"https:\/\/api.w.org\/{rel}","templated":true}]}}