{"id":342357,"date":"2024-12-04T07:22:07","date_gmt":"2024-12-04T10:22:07","guid":{"rendered":"https:\/\/www.notibras.com\/site\/?p=342357"},"modified":"2024-12-04T07:24:04","modified_gmt":"2024-12-04T10:24:04","slug":"dia-de-chuva-e-de-prova-pe-no-acelerador-bafometro-e-nota-10-em-matematica","status":"publish","type":"post","link":"https:\/\/www.notibras.com\/site\/dia-de-chuva-e-de-prova-pe-no-acelerador-bafometro-e-nota-10-em-matematica\/","title":{"rendered":"Dia de chuva (e de prova), p\u00e9 no acelerador, baf\u00f4metro e nota 10 em matem\u00e1tica"},"content":{"rendered":"<p>Minha m\u00e3e costuma me chamar de a louca da fam\u00edlia. O pior \u00e9 que nem eu consigo discordar, tamanho o n\u00famero de vezes que me envolvo em situa\u00e7\u00f5es esdr\u00faxulas. Papai, ent\u00e3o, nem fala mais nada, pois h\u00e1 muito percebeu que sua primog\u00eanita nasceu sem um pingo de ju\u00edzo.<\/p>\n<p>\u2014 Ih, a Salete \u00e9 um caso perdido! Nem Jesus d\u00e1 jeito naquela ali.<\/p>\n<p>Outro dia, por conta de eventos alheios \u00e0 minha vontade, acordei com aquela pregui\u00e7a digna de domingo. O problema \u00e9 que era segunda-feira, e eu precisava deixar a procrastina\u00e7\u00e3o de lado e partir para luta. No entanto, como algu\u00e9m consegue se levantar da cama, quando o corpo e a mente est\u00e3o decididos a continuar presos ao aconchego do cobertor?<\/p>\n<p>\u2014 M\u00e3e, a senhora n\u00e3o vai me levar pra escola?<\/p>\n<p>Joj\u00f4, minha filha pr\u00e9-adolescente, me grita nos ouvidos. Que coisa mais chata!<\/p>\n<p>\u2014 N\u00e3o quer ficar com a mam\u00e3e em casa hoje?<\/p>\n<p>\u2014 M\u00e3e, hoje tenho prova de matem\u00e1tica.<\/p>\n<p>Matem\u00e1tica! Sempre odiei matem\u00e1tica! E agora tenho mais um motivo para continuar cultivando esse \u00f3dio. Se j\u00e1 n\u00e3o bastasse essa mat\u00e9ria dos infernos ter atazanado todo o meu per\u00edodo de escola, agora \u00e9 motivo para a minha filha me retirar da cama. Deus, o que fui que fiz? Ser\u00e1 que joguei pedra na cruz?<\/p>\n<p>\u2014 T\u00e1 bom, Joj\u00f4! J\u00e1 t\u00f4 indo!<\/p>\n<p>Tirando meu poder de m\u00e3e da cartola, consegui me aprontar em cinco minutos. E l\u00e1 fui levar a minha linda garotinha para digladiar contra um teste cheio de n\u00fameros, fra\u00e7\u00f5es, f\u00f3rmulas sem qualquer raz\u00e3o de existir.<\/p>\n<p>\u2014 M\u00e3e, t\u00f4 atrasada. Vou perder a prova.<\/p>\n<p>Olhei de canto de olho para Joj\u00f4 e n\u00e3o tive d\u00favida. Pisei fundo no acelerador, mas o tiro saiu pela culatra. O motivo? Fui parada por um policial.<\/p>\n<p>\u2014 A senhora tem no\u00e7\u00e3o da velocidade que estava?<\/p>\n<p>\u2014 Mo\u00e7o, minha filha vai perder a prova de matem\u00e1tica.<\/p>\n<p>\u2014 Por acaso a senhora ingeriu bebida alc\u00f3olica?<\/p>\n<p>\u2014 Claro que n\u00e3o!<\/p>\n<p>\u2014 Vou precisar que a senhora assopre o baf\u00f4metro.<\/p>\n<p>\u2014 Mo\u00e7o, eu n\u00e3o escovei os dentes. Ser\u00e1 que vai dar chabu?<\/p>\n<p>Por sorte, o policial achou gra\u00e7a, enquanto a Joj\u00f4 ficou vermelha de vergonha.<\/p>\n<p>\u2014 Pode ir, senhora. Mas n\u00e3o pise t\u00e3o fundo.<\/p>\n<p>Agradeci e, n\u00e3o tardou, chegamos \u00e0 escola, no final da L2 Sul. Joj\u00f4 me deu um beijo r\u00e1pido e correu que nem uma maluca. Retornei para casa e, finalmente, escovei os dentes. Quando deu a hora, fui buscar a minha filha, que estava com um largo sorriso no rosto.<\/p>\n<p>\u2014 O que foi? A mosca azul te picou?<\/p>\n<p>\u2014 M\u00e3e, tirei dez na prova!<\/p>\n<p>Incr\u00e9dula, encarei minha menina e pensei: &#8220;Tadinha, essa a\u00ed n\u00e3o \u00e9 normal!&#8221;<\/p>\n<p>&#8230;&#8230;&#8230;&#8230;&#8230;&#8230;&#8230;&#8230;<\/p>\n<p>*<strong>Eduardo Mart\u00ednez \u00e9 autor do livro \u201c57 Contos e Cr\u00f4nicas por um Autor muito Velho\u201d.<\/strong><\/p>\n<div class=\"mvp-post-soc-in\">\n<div id=\"mvp-content-body\" class=\"left relative\">\n<div id=\"mvp-content-body-top\" class=\"left relative\">\n<div id=\"mvp-content-main\" class=\"left relative\">\n<p>Compre aqui\u00a0<span class=\"x19la9d6 x1fc57z9 x6ikm8r x10wlt62 x19co3pv x1g5zs5t xfibh0p xiy17q3 x1xsqp64 x1lkfr7t xexx8yu x4uap5 x18d9i69 xkhd6sd\"><span class=\"xrtxmta x1bhl96m\"><img decoding=\"async\" class=\"emoji\" role=\"img\" draggable=\"false\" src=\"https:\/\/s.w.org\/images\/core\/emoji\/14.0.0\/svg\/1f447-1f3ff.svg\" alt=\"&#x1f447;&#x1f3ff;\" \/><\/span><\/span><span class=\"x19la9d6 x1fc57z9 x6ikm8r x10wlt62 x19co3pv x1g5zs5t xfibh0p xiy17q3 x1xsqp64 x1lkfr7t xexx8yu x4uap5 x18d9i69 xkhd6sd\"><span class=\"xrtxmta x1bhl96m\"><img decoding=\"async\" class=\"emoji\" role=\"img\" draggable=\"false\" src=\"https:\/\/s.w.org\/images\/core\/emoji\/14.0.0\/svg\/1f447-1f3ff.svg\" alt=\"&#x1f447;&#x1f3ff;\" \/><\/span><\/span><span class=\"x19la9d6 x1fc57z9 x6ikm8r x10wlt62 x19co3pv x1g5zs5t xfibh0p xiy17q3 x1xsqp64 x1lkfr7t xexx8yu x4uap5 x18d9i69 xkhd6sd\"><span class=\"xrtxmta x1bhl96m\"><img decoding=\"async\" class=\"emoji\" role=\"img\" draggable=\"false\" src=\"https:\/\/s.w.org\/images\/core\/emoji\/14.0.0\/svg\/1f447-1f3ff.svg\" alt=\"&#x1f447;&#x1f3ff;\" \/><\/span><\/span><\/p>\n<p><a href=\"http:\/\/www.joanineditora.com.br\/57-contos-e-cronicas-por-um-autor-muito-velho\">http:\/\/www.joanineditora.com.br\/57-contos-e-cronicas-por-um-autor-muito-velho<\/a><\/p>\n<\/div>\n<\/div>\n<\/div>\n<\/div>\n","protected":false},"excerpt":{"rendered":"<p>Minha m\u00e3e costuma me chamar de a louca da fam\u00edlia. O pior \u00e9 que nem eu consigo discordar, tamanho o n\u00famero de vezes que me envolvo em situa\u00e7\u00f5es esdr\u00faxulas. Papai, ent\u00e3o, nem fala mais nada, pois h\u00e1 muito percebeu que sua primog\u00eanita nasceu sem um pingo de ju\u00edzo. \u2014 Ih, a Salete \u00e9 um caso [&hellip;]<\/p>\n","protected":false},"author":2,"featured_media":342358,"comment_status":"closed","ping_status":"closed","sticky":false,"template":"","format":"standard","meta":{"_acf_changed":false,"footnotes":""},"categories":[161],"tags":[],"class_list":["post-342357","post","type-post","status-publish","format-standard","has-post-thumbnail","hentry","category-quadradinho-em-foco"],"acf":[],"_links":{"self":[{"href":"https:\/\/www.notibras.com\/site\/wp-json\/wp\/v2\/posts\/342357","targetHints":{"allow":["GET"]}}],"collection":[{"href":"https:\/\/www.notibras.com\/site\/wp-json\/wp\/v2\/posts"}],"about":[{"href":"https:\/\/www.notibras.com\/site\/wp-json\/wp\/v2\/types\/post"}],"author":[{"embeddable":true,"href":"https:\/\/www.notibras.com\/site\/wp-json\/wp\/v2\/users\/2"}],"replies":[{"embeddable":true,"href":"https:\/\/www.notibras.com\/site\/wp-json\/wp\/v2\/comments?post=342357"}],"version-history":[{"count":3,"href":"https:\/\/www.notibras.com\/site\/wp-json\/wp\/v2\/posts\/342357\/revisions"}],"predecessor-version":[{"id":342361,"href":"https:\/\/www.notibras.com\/site\/wp-json\/wp\/v2\/posts\/342357\/revisions\/342361"}],"wp:featuredmedia":[{"embeddable":true,"href":"https:\/\/www.notibras.com\/site\/wp-json\/wp\/v2\/media\/342358"}],"wp:attachment":[{"href":"https:\/\/www.notibras.com\/site\/wp-json\/wp\/v2\/media?parent=342357"}],"wp:term":[{"taxonomy":"category","embeddable":true,"href":"https:\/\/www.notibras.com\/site\/wp-json\/wp\/v2\/categories?post=342357"},{"taxonomy":"post_tag","embeddable":true,"href":"https:\/\/www.notibras.com\/site\/wp-json\/wp\/v2\/tags?post=342357"}],"curies":[{"name":"wp","href":"https:\/\/api.w.org\/{rel}","templated":true}]}}