{"id":342363,"date":"2024-12-04T00:35:32","date_gmt":"2024-12-04T03:35:32","guid":{"rendered":"https:\/\/www.notibras.com\/site\/?p=342363"},"modified":"2024-12-04T07:37:48","modified_gmt":"2024-12-04T10:37:48","slug":"secretarios-de-seguranca-de-todo-o-pais-discutem-alternativas-para-o-setor","status":"publish","type":"post","link":"https:\/\/www.notibras.com\/site\/secretarios-de-seguranca-de-todo-o-pais-discutem-alternativas-para-o-setor\/","title":{"rendered":"Secret\u00e1rios de Seguran\u00e7a de todo o pa\u00eds discutem alternativas para o setor"},"content":{"rendered":"<p>Bras\u00edlia ser\u00e1 sede, na quarta (4) e quintas (5) da XCII Reuni\u00e3o Ordin\u00e1ria do Conselho Nacional de Secret\u00e1rios de Seguran\u00e7a P\u00fablica (Consesp), no Centro de Conven\u00e7\u00f5es Ulysses Guimar\u00e3es. O colegiado \u00e9 presidido, atualmente, pelo secret\u00e1rio de Seguran\u00e7a P\u00fablica do DF, Sandro Avelar.<\/p>\n<p>O encontro deve reunir secret\u00e1rios de todo o pa\u00eds e est\u00e3o na pauta temas como a PEC da Seguran\u00e7a P\u00fablica e a padroniza\u00e7\u00e3o de indicadores de crimes violentos. O Consesp re\u00fane os secret\u00e1rios de seguran\u00e7a de todo o pa\u00eds, com compet\u00eancia para representar os interesses comuns das secretarias de seguran\u00e7a p\u00fablica dos estados e do Distrito Federal junto ao Minist\u00e9rio da Justi\u00e7a e Seguran\u00e7a P\u00fablica, promovendo a articula\u00e7\u00e3o institucional entre os entes federativos e o governo federal.<\/p>\n<p>A reuni\u00e3o ocorre durante a 8\u00ba Mostra BID Brasil, feira que re\u00fane empresas nacionais do setor de defesa e seguran\u00e7a, promovido pela Associa\u00e7\u00e3o Brasileira das Ind\u00fastrias de Materiais de Defesa e Seguran\u00e7a (ABIMDE).<\/p>\n<p><strong>Consesp<\/strong><br \/>\nQuando: Quarta-feira (4), das 14h30 \u00e0s 18h40<br \/>\ne quinta-feira (5), das 9h \u00e0s 18h<br \/>\nLocal: Centro de Conven\u00e7\u00f5es Ulysses Guimar\u00e3es<\/p>\n","protected":false},"excerpt":{"rendered":"<p>Bras\u00edlia ser\u00e1 sede, na quarta (4) e quintas (5) da XCII Reuni\u00e3o Ordin\u00e1ria do Conselho Nacional de Secret\u00e1rios de Seguran\u00e7a P\u00fablica (Consesp), no Centro de Conven\u00e7\u00f5es Ulysses Guimar\u00e3es. O colegiado \u00e9 presidido, atualmente, pelo secret\u00e1rio de Seguran\u00e7a P\u00fablica do DF, Sandro Avelar. O encontro deve reunir secret\u00e1rios de todo o pa\u00eds e est\u00e3o na pauta [&hellip;]<\/p>\n","protected":false},"author":2,"featured_media":329429,"comment_status":"closed","ping_status":"closed","sticky":false,"template":"","format":"standard","meta":{"_acf_changed":false,"footnotes":""},"categories":[161],"tags":[],"class_list":["post-342363","post","type-post","status-publish","format-standard","has-post-thumbnail","hentry","category-quadradinho-em-foco"],"acf":[],"_links":{"self":[{"href":"https:\/\/www.notibras.com\/site\/wp-json\/wp\/v2\/posts\/342363","targetHints":{"allow":["GET"]}}],"collection":[{"href":"https:\/\/www.notibras.com\/site\/wp-json\/wp\/v2\/posts"}],"about":[{"href":"https:\/\/www.notibras.com\/site\/wp-json\/wp\/v2\/types\/post"}],"author":[{"embeddable":true,"href":"https:\/\/www.notibras.com\/site\/wp-json\/wp\/v2\/users\/2"}],"replies":[{"embeddable":true,"href":"https:\/\/www.notibras.com\/site\/wp-json\/wp\/v2\/comments?post=342363"}],"version-history":[{"count":1,"href":"https:\/\/www.notibras.com\/site\/wp-json\/wp\/v2\/posts\/342363\/revisions"}],"predecessor-version":[{"id":342364,"href":"https:\/\/www.notibras.com\/site\/wp-json\/wp\/v2\/posts\/342363\/revisions\/342364"}],"wp:featuredmedia":[{"embeddable":true,"href":"https:\/\/www.notibras.com\/site\/wp-json\/wp\/v2\/media\/329429"}],"wp:attachment":[{"href":"https:\/\/www.notibras.com\/site\/wp-json\/wp\/v2\/media?parent=342363"}],"wp:term":[{"taxonomy":"category","embeddable":true,"href":"https:\/\/www.notibras.com\/site\/wp-json\/wp\/v2\/categories?post=342363"},{"taxonomy":"post_tag","embeddable":true,"href":"https:\/\/www.notibras.com\/site\/wp-json\/wp\/v2\/tags?post=342363"}],"curies":[{"name":"wp","href":"https:\/\/api.w.org\/{rel}","templated":true}]}}