{"id":342368,"date":"2024-12-04T00:00:24","date_gmt":"2024-12-04T03:00:24","guid":{"rendered":"https:\/\/www.notibras.com\/site\/?p=342368"},"modified":"2024-12-04T07:48:55","modified_gmt":"2024-12-04T10:48:55","slug":"projeto-produtor-de-agua-assina-18-novos-contratos","status":"publish","type":"post","link":"https:\/\/www.notibras.com\/site\/projeto-produtor-de-agua-assina-18-novos-contratos\/","title":{"rendered":"Projeto Produtor de \u00c1gua assina 18 novos contratos"},"content":{"rendered":"<p>Foi anunciada na ter\u00e7a, 3, a contrata\u00e7\u00e3o de 18 novos produtores parceiros do projeto Produtor de \u00c1gua no Pipiripau. A assinatura dos contratos foi feita durante a \u00faltima reuni\u00e3o da Unidade Gestora (UGP) do projeto, com a presen\u00e7a de representantes das institui\u00e7\u00f5es participantes, no Parque dos Pequizeiros, no N\u00facleo Rural Santos Dumont (Planaltina).<\/p>\n<p>O objetivo do projeto \u00e9 orientar, incentivar e apoiar os produtores rurais na promo\u00e7\u00e3o da sustentabilidade h\u00eddrica da bacia, por meio de pr\u00e1ticas preservacionistas e de recupera\u00e7\u00e3o ambiental que favore\u00e7am a penetra\u00e7\u00e3o da \u00e1gua no solo, aumentando a recarga do fluxo de base e a disponibilidade de \u00e1gua.<\/p>\n<p>As novas contrata\u00e7\u00f5es foram poss\u00edveis gra\u00e7as a um aditivo ao contrato de concess\u00e3o e a um novo acordo de repasse assinado este ano, que prev\u00ea o investimento de R$ 5 milh\u00f5es ao longo de cinco anos, com um valor anual de R$ 1 milh\u00e3o, se estendendo at\u00e9 2028. O recurso viabiliza principalmente o Pagamento pelo Servi\u00e7o de Prote\u00e7\u00e3o dos Recursos H\u00eddricos (PPRH) junto aos produtores. Para 2025, espera-se firmar mais 50 contratos.<\/p>\n<p>\u201cA publica\u00e7\u00e3o do edital de chamamento deste ano abriu o caminho para a inclus\u00e3o desses novos produtores, provenientes de toda a Bacia do Pipiripau, com destaque para a sub-bacia do Santos Dumont\u201d, afirma o respons\u00e1vel pelo projeto na Adasa, Wendel Lopes.<\/p>\n<p>O pr\u00f3ximo passo ser\u00e1 a elabora\u00e7\u00e3o do Projeto Individual da Propriedade (PIP), que \u00e9 um documento que apresenta um diagn\u00f3stico da situa\u00e7\u00e3o atual dos im\u00f3veis rurais participantes e prop\u00f5e melhorias e adequa\u00e7\u00f5es ambientais.<\/p>\n<p>O Produtor de \u00c1gua do DF \u00e9 coordenado pela Ag\u00eancia Reguladora de \u00c1guas, Energia e Saneamento B\u00e1sico do Distrito Federal (Adasa), em colabora\u00e7\u00e3o com uma rede de parceiros estrat\u00e9gicos, como a Ag\u00eancia Nacional de \u00c1guas e Saneamento B\u00e1sico (ANA), Caesb, Empresa de Assist\u00eancia T\u00e9cnica e Extens\u00e3o Rural do DF (Emater-DF), Secretaria de Agricultura, Abastecimento e Desenvolvimento Rural (Seagri), The Nature Conservancy no Brasil (TNC), Departamento de Estradas de Rodagem do Distrito Federal (DER), Instituto Bras\u00edlia Ambiental, Empresa Brasileira de Pesquisa Agropecu\u00e1ria (Embrapa), Secretaria do Meio Ambiente e Prote\u00e7\u00e3o Animal do DF (Sema), Superintend\u00eancia do Desenvolvimento do Centro-Oeste (Sudeco), Rede de Sementes do Cerrado, Universidade de Bras\u00edlia (UnB) e a ONG Pede Planta.<\/p>\n","protected":false},"excerpt":{"rendered":"<p>Foi anunciada na ter\u00e7a, 3, a contrata\u00e7\u00e3o de 18 novos produtores parceiros do projeto Produtor de \u00c1gua no Pipiripau. A assinatura dos contratos foi feita durante a \u00faltima reuni\u00e3o da Unidade Gestora (UGP) do projeto, com a presen\u00e7a de representantes das institui\u00e7\u00f5es participantes, no Parque dos Pequizeiros, no N\u00facleo Rural Santos Dumont (Planaltina). O objetivo [&hellip;]<\/p>\n","protected":false},"author":2,"featured_media":342369,"comment_status":"closed","ping_status":"closed","sticky":false,"template":"","format":"standard","meta":{"_acf_changed":false,"footnotes":""},"categories":[161],"tags":[],"class_list":["post-342368","post","type-post","status-publish","format-standard","has-post-thumbnail","hentry","category-quadradinho-em-foco"],"acf":[],"_links":{"self":[{"href":"https:\/\/www.notibras.com\/site\/wp-json\/wp\/v2\/posts\/342368","targetHints":{"allow":["GET"]}}],"collection":[{"href":"https:\/\/www.notibras.com\/site\/wp-json\/wp\/v2\/posts"}],"about":[{"href":"https:\/\/www.notibras.com\/site\/wp-json\/wp\/v2\/types\/post"}],"author":[{"embeddable":true,"href":"https:\/\/www.notibras.com\/site\/wp-json\/wp\/v2\/users\/2"}],"replies":[{"embeddable":true,"href":"https:\/\/www.notibras.com\/site\/wp-json\/wp\/v2\/comments?post=342368"}],"version-history":[{"count":1,"href":"https:\/\/www.notibras.com\/site\/wp-json\/wp\/v2\/posts\/342368\/revisions"}],"predecessor-version":[{"id":342370,"href":"https:\/\/www.notibras.com\/site\/wp-json\/wp\/v2\/posts\/342368\/revisions\/342370"}],"wp:featuredmedia":[{"embeddable":true,"href":"https:\/\/www.notibras.com\/site\/wp-json\/wp\/v2\/media\/342369"}],"wp:attachment":[{"href":"https:\/\/www.notibras.com\/site\/wp-json\/wp\/v2\/media?parent=342368"}],"wp:term":[{"taxonomy":"category","embeddable":true,"href":"https:\/\/www.notibras.com\/site\/wp-json\/wp\/v2\/categories?post=342368"},{"taxonomy":"post_tag","embeddable":true,"href":"https:\/\/www.notibras.com\/site\/wp-json\/wp\/v2\/tags?post=342368"}],"curies":[{"name":"wp","href":"https:\/\/api.w.org\/{rel}","templated":true}]}}