{"id":342371,"date":"2024-12-04T00:04:44","date_gmt":"2024-12-04T03:04:44","guid":{"rendered":"https:\/\/www.notibras.com\/site\/?p=342371"},"modified":"2024-12-04T07:55:17","modified_gmt":"2024-12-04T10:55:17","slug":"emater-entrega-certificados-a-produtores-organicos-de-assentamento-rural","status":"publish","type":"post","link":"https:\/\/www.notibras.com\/site\/emater-entrega-certificados-a-produtores-organicos-de-assentamento-rural\/","title":{"rendered":"Emater entrega certificados a produtores org\u00e2nicos de assentamento rural"},"content":{"rendered":"<p>A Emater acaba de entregar os certificados de produ\u00e7\u00e3o org\u00e2nica para sete assentados da comunidade Tr\u00eas Conquistas, regi\u00e3o do Parano\u00e1. Com o documento, os agricultores podem comercializar suas frutas, legumes e verduras em feiras, fazer venda direta e fazer entrega para os programas de compras p\u00fablicas. A certifica\u00e7\u00e3o \u00e9 no modelo OCS (Organiza\u00e7\u00e3o de Controle Social), em que os empreendedores rurais se juntam em grupos formalizados para atestar a qualidade da produ\u00e7\u00e3o, com suporte institucional.<\/p>\n<p>O engenheiro-agr\u00f4nomo Daniel Rodrigues, gerente do Escrit\u00f3rio Especializado em Produ\u00e7\u00e3o Org\u00e2nica e Agroecologia (Esorg) da Emater-DF, explica que esse foi o primeiro projeto de constru\u00e7\u00e3o de uma OCS feito de forma mais c\u00e9lere. \u201cDesenvolvemos um modelo em que o processo, que chegava a durar um ano, n\u00e3o leva mais do que duas semanas\u201d, aponta.<\/p>\n<p>A modalidade de compras institucionais \u00e9 a forma mais vantajosa de comercializa\u00e7\u00e3o para os agricultores que possuem OCS. \u201cQuando o governo compra, garante pre\u00e7o est\u00e1vel durante o ano todo. Al\u00e9m disso, os produtores org\u00e2nicos saem na frente, por causa das cotas definidas em lei\u201d, completa Daniel.<\/p>\n<p>Tanto o PAA (Programa de Aquisi\u00e7\u00e3o de Alimentos) quanto o Pnae (Programa Nacional de Alimenta\u00e7\u00e3o Escolar) \u2014 ambos com recursos federais \u2014, al\u00e9m do Papa (Programa de Aquisi\u00e7\u00e3o da Produ\u00e7\u00e3o da Agricultura), do GDF, definem que, prioritariamente, 30% dos contratos devem ser supridos com alimentos org\u00e2nicos. A Emater-DF articula a contrata\u00e7\u00e3o com base na oferta local.<\/p>\n<p>O trabalho de constru\u00e7\u00e3o da OCS faz parte do projeto Guardi\u00f5es do Clima, desenvolvido pela Confedera\u00e7\u00e3o Nacional dos Agricultores e Empreendedores Familiares (Conafer). A coordenadora da a\u00e7\u00e3o, Sofia Carvalho, afirma que o objetivo \u00e9 fomentar a transi\u00e7\u00e3o agroecol\u00f3gica por meio do sistema agroflorestal. \u201c\u00c9 uma forma de promover a eleva\u00e7\u00e3o da renda das fam\u00edlias com uma preocupa\u00e7\u00e3o ambiental\u201d, aponta.<\/p>\n<p>J\u00e1 o produtor Jovino Rodrigues Correia, morador do Assentamento Tr\u00eas Conquistas, est\u00e1 bastante satisfeito com o resultado. \u201cNa agrofloresta, a gente v\u00ea uma planta ajudando a outra. S\u00e3o canteiros com lim\u00e3o, mam\u00e3o, couve, entre outras. Com isso, elas formam um sistema mais forte e me garante uma renda a mais\u201d, comemora.<\/p>\n","protected":false},"excerpt":{"rendered":"<p>A Emater acaba de entregar os certificados de produ\u00e7\u00e3o org\u00e2nica para sete assentados da comunidade Tr\u00eas Conquistas, regi\u00e3o do Parano\u00e1. Com o documento, os agricultores podem comercializar suas frutas, legumes e verduras em feiras, fazer venda direta e fazer entrega para os programas de compras p\u00fablicas. A certifica\u00e7\u00e3o \u00e9 no modelo OCS (Organiza\u00e7\u00e3o de Controle [&hellip;]<\/p>\n","protected":false},"author":2,"featured_media":342372,"comment_status":"closed","ping_status":"closed","sticky":false,"template":"","format":"standard","meta":{"_acf_changed":false,"footnotes":""},"categories":[161],"tags":[],"class_list":["post-342371","post","type-post","status-publish","format-standard","has-post-thumbnail","hentry","category-quadradinho-em-foco"],"acf":[],"_links":{"self":[{"href":"https:\/\/www.notibras.com\/site\/wp-json\/wp\/v2\/posts\/342371","targetHints":{"allow":["GET"]}}],"collection":[{"href":"https:\/\/www.notibras.com\/site\/wp-json\/wp\/v2\/posts"}],"about":[{"href":"https:\/\/www.notibras.com\/site\/wp-json\/wp\/v2\/types\/post"}],"author":[{"embeddable":true,"href":"https:\/\/www.notibras.com\/site\/wp-json\/wp\/v2\/users\/2"}],"replies":[{"embeddable":true,"href":"https:\/\/www.notibras.com\/site\/wp-json\/wp\/v2\/comments?post=342371"}],"version-history":[{"count":1,"href":"https:\/\/www.notibras.com\/site\/wp-json\/wp\/v2\/posts\/342371\/revisions"}],"predecessor-version":[{"id":342373,"href":"https:\/\/www.notibras.com\/site\/wp-json\/wp\/v2\/posts\/342371\/revisions\/342373"}],"wp:featuredmedia":[{"embeddable":true,"href":"https:\/\/www.notibras.com\/site\/wp-json\/wp\/v2\/media\/342372"}],"wp:attachment":[{"href":"https:\/\/www.notibras.com\/site\/wp-json\/wp\/v2\/media?parent=342371"}],"wp:term":[{"taxonomy":"category","embeddable":true,"href":"https:\/\/www.notibras.com\/site\/wp-json\/wp\/v2\/categories?post=342371"},{"taxonomy":"post_tag","embeddable":true,"href":"https:\/\/www.notibras.com\/site\/wp-json\/wp\/v2\/tags?post=342371"}],"curies":[{"name":"wp","href":"https:\/\/api.w.org\/{rel}","templated":true}]}}