{"id":342374,"date":"2024-12-04T00:00:11","date_gmt":"2024-12-04T03:00:11","guid":{"rendered":"https:\/\/www.notibras.com\/site\/?p=342374"},"modified":"2024-12-04T08:18:07","modified_gmt":"2024-12-04T11:18:07","slug":"buriti-corre-para-brasilia-voltar-a-ver-bolidos-no-autodromo","status":"publish","type":"post","link":"https:\/\/www.notibras.com\/site\/buriti-corre-para-brasilia-voltar-a-ver-bolidos-no-autodromo\/","title":{"rendered":"Buriti corre para Bras\u00edlia voltar a ver b\u00f3lidos no aut\u00f3dromo"},"content":{"rendered":"<p>O Governo do Distrito Federal (GDF) conseguiu destravar a licita\u00e7\u00e3o para reforma do Aut\u00f3dromo de Bras\u00edlia, que aguardava autoriza\u00e7\u00e3o do Tribunal de Contas do DF (TCDF) havia 19 meses. O an\u00fancio foi feito nesta ter\u00e7a-feira (3) pelo governador Ibaneis Rocha.<\/p>\n<p>\u201cN\u00f3s temos uma parceria com o BRB, tivemos alguns problemas no Tribunal de Contas, que avan\u00e7aram gra\u00e7as ao di\u00e1logo e tamb\u00e9m \u00e0 parceria que n\u00f3s temos com o Tribunal de Contas do Distrito Federal (TCDF), que sempre nos orienta no sentido das melhores contrata\u00e7\u00f5es. E hoje n\u00f3s conseguimos assinar e publicar o contrato com a empresa vencedora da licita\u00e7\u00e3o e a gente espera que at\u00e9 a metade do ano que vem a gente j\u00e1 tenha o aut\u00f3dromo em funcionamento para devolver ele \u00e0 popula\u00e7\u00e3o do Distrito Federal\u201d, afirmou o governador.<\/p>\n<p>O resultado da licita\u00e7\u00e3o foi publicado no Di\u00e1rio Oficial do DF (DODF) desta ter\u00e7a-feira (3). O vencedor foi o Cons\u00f3rcio Novo Aut\u00f3dromo, formado pelas empresas Artec, Sanart, Central Engenharia e Infra Constru\u00e7\u00f5es. O valor do contrato \u00e9 de R$ 41.564.408,51. Fechado desde 2014, o Aut\u00f3dromo de Bras\u00edlia j\u00e1 recebeu provas do calend\u00e1rio automobil\u00edstico nacional e internacional, como a F\u00f3rmula 3 Sul-Americana, Gran Turismo, F\u00f3rmula Truck, Stock Car e Brasileiro de Motociclismo, entre outros.<\/p>\n<p>Ainda durante o evento desta ter\u00e7a, Ibaneis refor\u00e7ou o compromisso de reabrir espa\u00e7os p\u00fablicos do DF, como o Teatro Nacional, que ter\u00e1 as portas da Sala Martins Pena abertas a partir do pr\u00f3ximo dia 20. \u201cEu fiz um compromisso de revitalizar esses ambientes do Distrito Federal t\u00e3o significativos para a popula\u00e7\u00e3o, que estavam fechados h\u00e1 muitos anos e sem nenhuma provid\u00eancia\u201d, apontou. \u201cEnt\u00e3o, s\u00e3o duas obras importantes que est\u00e3o sendo entregues.\u201d<\/p>\n<p><strong>Evento<\/strong><br \/>\nO an\u00fancio do governador foi feito durante evento de lan\u00e7amento da plataforma O DF que a gente quer, criada pelo Conselho de Desenvolvimento Econ\u00f4mico Sustent\u00e1vel e Estrat\u00e9gico do DF (Codese-DF) em parceria com o GDF. A plataforma \u00e9 parte do projeto \u201cO DF que a gente quer \u2013 vis\u00e3o 2022-2040\u201d e tem a miss\u00e3o de ser uma carta de navega\u00e7\u00e3o para os pr\u00f3ximos anos.<\/p>\n<p>A iniciativa reuniu o governador Ibaneis Rocha, secret\u00e1rios de governo e empres\u00e1rios no audit\u00f3rio do Sindicato da Ind\u00fastria da Constru\u00e7\u00e3o Civil (Sinduscon-DF), no SIA. \u201cEssa iniciativa nos inspira por ver a capacidade da sociedade civil quando ela se re\u00fane para fazer o bem. Temos 17 c\u00e2maras t\u00e9cnicas formadas por empres\u00e1rios e t\u00e9cnicos que poderiam estar cuidando de suas vidas e se disp\u00f5em a cuidar voluntariamente do Distrito Federal\u201d, elogiou Ibaneis Rocha.<\/p>\n<p>\u201cGra\u00e7as a Deus chegamos com 93% das a\u00e7\u00f5es propostas pelo Codese implementadas no DF. Nosso compromisso em 2025 e 2026 \u00e9 trabalhar ainda mais forte pelas pol\u00edticas p\u00fablicas. Bras\u00edlia n\u00e3o tinha investimento em infraestrutura h\u00e1 muitos anos e conseguimos mudar isso e temos feito entregas muito importantes, como recentemente o Viaduto do Riacho Fundo\u201d, destacou o chefe do Executivo.<\/p>\n<p>Criado em 2017, o Codese elabora propostas e dialoga com o governo nas a\u00e7\u00f5es de planejamento econ\u00f4mico sustent\u00e1vel de Bras\u00edlia e Entorno. O Conselho re\u00fane empres\u00e1rios, acad\u00eamicos, t\u00e9cnicos e outros membros da sociedade civil. Composto por seis eixos de desenvolvimento, o Conselho conta com 17 c\u00e2maras t\u00e9cnicas setoriais, que re\u00fanem empres\u00e1rios, acad\u00eamicos, t\u00e9cnicos e membros da comunidade.<\/p>\n<p>O presidente do Codese-DF, Leonardo \u00c1vila, elogiou o empenho do GDF nesta parceria. \u201cTivemos novamente uma ades\u00e3o do governo, primeiro com as a\u00e7\u00f5es, e agora para a plataforma. O governo est\u00e1 respondendo o status de cada a\u00e7\u00e3o e demonstra assim comprometimento com a popula\u00e7\u00e3o, em dar retorno \u00e0 sociedade\u201d, agradeceu.<\/p>\n","protected":false},"excerpt":{"rendered":"<p>O Governo do Distrito Federal (GDF) conseguiu destravar a licita\u00e7\u00e3o para reforma do Aut\u00f3dromo de Bras\u00edlia, que aguardava autoriza\u00e7\u00e3o do Tribunal de Contas do DF (TCDF) havia 19 meses. O an\u00fancio foi feito nesta ter\u00e7a-feira (3) pelo governador Ibaneis Rocha. \u201cN\u00f3s temos uma parceria com o BRB, tivemos alguns problemas no Tribunal de Contas, que [&hellip;]<\/p>\n","protected":false},"author":2,"featured_media":342375,"comment_status":"closed","ping_status":"closed","sticky":false,"template":"","format":"standard","meta":{"_acf_changed":false,"footnotes":""},"categories":[161],"tags":[],"class_list":["post-342374","post","type-post","status-publish","format-standard","has-post-thumbnail","hentry","category-quadradinho-em-foco"],"acf":[],"_links":{"self":[{"href":"https:\/\/www.notibras.com\/site\/wp-json\/wp\/v2\/posts\/342374","targetHints":{"allow":["GET"]}}],"collection":[{"href":"https:\/\/www.notibras.com\/site\/wp-json\/wp\/v2\/posts"}],"about":[{"href":"https:\/\/www.notibras.com\/site\/wp-json\/wp\/v2\/types\/post"}],"author":[{"embeddable":true,"href":"https:\/\/www.notibras.com\/site\/wp-json\/wp\/v2\/users\/2"}],"replies":[{"embeddable":true,"href":"https:\/\/www.notibras.com\/site\/wp-json\/wp\/v2\/comments?post=342374"}],"version-history":[{"count":2,"href":"https:\/\/www.notibras.com\/site\/wp-json\/wp\/v2\/posts\/342374\/revisions"}],"predecessor-version":[{"id":342378,"href":"https:\/\/www.notibras.com\/site\/wp-json\/wp\/v2\/posts\/342374\/revisions\/342378"}],"wp:featuredmedia":[{"embeddable":true,"href":"https:\/\/www.notibras.com\/site\/wp-json\/wp\/v2\/media\/342375"}],"wp:attachment":[{"href":"https:\/\/www.notibras.com\/site\/wp-json\/wp\/v2\/media?parent=342374"}],"wp:term":[{"taxonomy":"category","embeddable":true,"href":"https:\/\/www.notibras.com\/site\/wp-json\/wp\/v2\/categories?post=342374"},{"taxonomy":"post_tag","embeddable":true,"href":"https:\/\/www.notibras.com\/site\/wp-json\/wp\/v2\/tags?post=342374"}],"curies":[{"name":"wp","href":"https:\/\/api.w.org\/{rel}","templated":true}]}}