{"id":342414,"date":"2024-12-04T15:32:50","date_gmt":"2024-12-04T18:32:50","guid":{"rendered":"https:\/\/www.notibras.com\/site\/?p=342414"},"modified":"2024-12-04T15:40:02","modified_gmt":"2024-12-04T18:40:02","slug":"leandro-mendes-um-gigante-gentil-e-cheio-de-ideias","status":"publish","type":"post","link":"https:\/\/www.notibras.com\/site\/leandro-mendes-um-gigante-gentil-e-cheio-de-ideias\/","title":{"rendered":"Leandro Mendes, um gigante gentil e cheio de ideias"},"content":{"rendered":"<p>A mat\u00e9ria de hoje poderia ser breve: &#8220;Professor Leandro Mendes recebe Mo\u00e7\u00e3o de Louvor da C\u00e2mara Legislativa do Distrito Federal pelos relevantes servi\u00e7os prestados em prol do Centro de Ensino Fundamental 102 Norte.&#8221;<\/p>\n<p>A not\u00edcia estaria dada? Sim. No entanto, n\u00e3o seria suficiente para que os leitores de <strong>Notibras<\/strong> tivessem no\u00e7\u00e3o da dimens\u00e3o do trabalho realizado pelo professor de literatura Leandro no CEF 102 Norte, localizado na Asa Norte, aqui em Bras\u00edlia.<\/p>\n<p>Inquieto, antenado e cheio de ideias para enriquecer as aulas de portugu\u00eas e literatura, Mendes \u00e9 o criador da Feira de Sabores, evento que conseguiu unir toda a escola, inclusive os pais dos estudantes. A garotada, dividida em grupos, tem a tarefa de trazer um prato t\u00edpico de pa\u00edses diversos. Com isso, v\u00e1rios campos s\u00e3o trabalhados: cultura, ingredientes, quantidades, geografia, hist\u00f3ria&#8230;<\/p>\n<p>Quem conhece bem o professor Mendes \u00e9 o escritor Eduardo Mart\u00ednez, nosso colega aqui de <strong>Notibras<\/strong>. &#8220;O Leandro \u00e9 um cara sensacional! Sou at\u00e9 suspeito para falar, pois ele utiliza meus contos e cr\u00f4nicas em sala de aula e, h\u00e1 tr\u00eas anos, me convida para trocar ideias com seus alunos sobre literatura&#8221;.<\/p>\n<p><img loading=\"lazy\" decoding=\"async\" class=\"wp-image-342418 aligncenter\" src=\"https:\/\/www.notibras.com\/site\/wp-content\/uploads\/2024\/12\/leandro.2.05029e92-de8c-4ceb-b0a4-8c0228235dd2-300x235.jpg\" alt=\"\" width=\"490\" height=\"384\" srcset=\"https:\/\/www.notibras.com\/site\/wp-content\/uploads\/2024\/12\/leandro.2.05029e92-de8c-4ceb-b0a4-8c0228235dd2-300x235.jpg 300w, https:\/\/www.notibras.com\/site\/wp-content\/uploads\/2024\/12\/leandro.2.05029e92-de8c-4ceb-b0a4-8c0228235dd2-1024x802.jpg 1024w, https:\/\/www.notibras.com\/site\/wp-content\/uploads\/2024\/12\/leandro.2.05029e92-de8c-4ceb-b0a4-8c0228235dd2-768x601.jpg 768w, https:\/\/www.notibras.com\/site\/wp-content\/uploads\/2024\/12\/leandro.2.05029e92-de8c-4ceb-b0a4-8c0228235dd2-1536x1203.jpg 1536w, https:\/\/www.notibras.com\/site\/wp-content\/uploads\/2024\/12\/leandro.2.05029e92-de8c-4ceb-b0a4-8c0228235dd2.jpg 1600w\" sizes=\"auto, (max-width: 490px) 100vw, 490px\" \/><\/p>\n<p>Nessas ocasi\u00f5es, enfatiza Mart\u00ednez, coordenador do <em>Caf\u00e9 Liter\u00e1rio<\/em>, &#8220;sempre fico encantado com a quantidade de talentos em sala, e o Leandro certamente tem participa\u00e7\u00e3o nisso tudo. Tanto \u00e9 que uma das suas alunas, a Elo\u00e1 Dias Leal Farias, de 11 anos, j\u00e1 teve dois poemas publicados no portal. Sem falar que \u00e9 n\u00edtido o carinho da galerinha pelo Leandro, ali\u00e1s, Leandrinho, como muitos o chamam. O engra\u00e7ado \u00e9 que o cara tem quase dois metros de altura.\u201d<\/p>\n<p>Dizer mais o qu\u00ea?! Parab\u00e9ns ao Professor Leandro Mendes pela Mon\u00e7\u00e3o de Louvor recebida. Merecid\u00edssima, por sinal, mas que est\u00e1 longe de dimensionar o trabalho que esse mestre tem feito em prol da educa\u00e7\u00e3o no Distrito Federal. E que tenhamos mais Leandros espalhados por toda a capital da Rep\u00fablica e pelo Brasil.<\/p>\n","protected":false},"excerpt":{"rendered":"<p>A mat\u00e9ria de hoje poderia ser breve: &#8220;Professor Leandro Mendes recebe Mo\u00e7\u00e3o de Louvor da C\u00e2mara Legislativa do Distrito Federal pelos relevantes servi\u00e7os prestados em prol do Centro de Ensino Fundamental 102 Norte.&#8221; A not\u00edcia estaria dada? Sim. No entanto, n\u00e3o seria suficiente para que os leitores de Notibras tivessem no\u00e7\u00e3o da dimens\u00e3o do trabalho [&hellip;]<\/p>\n","protected":false},"author":2,"featured_media":342415,"comment_status":"closed","ping_status":"closed","sticky":false,"template":"","format":"standard","meta":{"_acf_changed":false,"footnotes":""},"categories":[161],"tags":[],"class_list":["post-342414","post","type-post","status-publish","format-standard","has-post-thumbnail","hentry","category-quadradinho-em-foco"],"acf":[],"_links":{"self":[{"href":"https:\/\/www.notibras.com\/site\/wp-json\/wp\/v2\/posts\/342414","targetHints":{"allow":["GET"]}}],"collection":[{"href":"https:\/\/www.notibras.com\/site\/wp-json\/wp\/v2\/posts"}],"about":[{"href":"https:\/\/www.notibras.com\/site\/wp-json\/wp\/v2\/types\/post"}],"author":[{"embeddable":true,"href":"https:\/\/www.notibras.com\/site\/wp-json\/wp\/v2\/users\/2"}],"replies":[{"embeddable":true,"href":"https:\/\/www.notibras.com\/site\/wp-json\/wp\/v2\/comments?post=342414"}],"version-history":[{"count":4,"href":"https:\/\/www.notibras.com\/site\/wp-json\/wp\/v2\/posts\/342414\/revisions"}],"predecessor-version":[{"id":342420,"href":"https:\/\/www.notibras.com\/site\/wp-json\/wp\/v2\/posts\/342414\/revisions\/342420"}],"wp:featuredmedia":[{"embeddable":true,"href":"https:\/\/www.notibras.com\/site\/wp-json\/wp\/v2\/media\/342415"}],"wp:attachment":[{"href":"https:\/\/www.notibras.com\/site\/wp-json\/wp\/v2\/media?parent=342414"}],"wp:term":[{"taxonomy":"category","embeddable":true,"href":"https:\/\/www.notibras.com\/site\/wp-json\/wp\/v2\/categories?post=342414"},{"taxonomy":"post_tag","embeddable":true,"href":"https:\/\/www.notibras.com\/site\/wp-json\/wp\/v2\/tags?post=342414"}],"curies":[{"name":"wp","href":"https:\/\/api.w.org\/{rel}","templated":true}]}}