{"id":342421,"date":"2024-12-04T15:15:26","date_gmt":"2024-12-04T18:15:26","guid":{"rendered":"https:\/\/www.notibras.com\/site\/?p=342421"},"modified":"2024-12-04T15:50:49","modified_gmt":"2024-12-04T18:50:49","slug":"terceiro-setor-e-personalidades-do-esporte-discutem-o-desenvolvimento-social","status":"publish","type":"post","link":"https:\/\/www.notibras.com\/site\/terceiro-setor-e-personalidades-do-esporte-discutem-o-desenvolvimento-social\/","title":{"rendered":"Terceiro setor e personalidades do esporte discutem o desenvolvimento social"},"content":{"rendered":"<p>Com o objetivo de discutir temas relacionados \u00e0 descentraliza\u00e7\u00e3o de recursos, inclus\u00e3o, equidade e esporte, a Rede CT &#8211; Capacita\u00e7\u00e3o e Transforma\u00e7\u00e3o &#8211; rede de desenvolvimento de empreendedores sociais esportivos para uso de leis de incentivo, promover\u00e1 nesta quinta, 5, o 1\u00ba F\u00f3rum CT Centro-Oeste, que reunir\u00e1 representantes do terceiro setor e atletas no Edif\u00edcio Montes, 1\u00ba Andar, Sala 107.<\/p>\n<p>Para Gigi Favacho, gerente da Rede CT, &#8220;trata-se de uma iniciativa bastante importante para conscientizar a sociedade sobre o papel do esporte na promo\u00e7\u00e3o de inclus\u00e3o social, diversidade e equidade\u201d. Segundo ela, \u201co encontro reunir\u00e1 quem faz do esporte e das a\u00e7\u00f5es sociais uma trajet\u00f3ria de vida. Trouxemos pessoas que est\u00e3o em contato diariamente com esse mundo, colocando a m\u00e3o na massa para criar oportunidades e transformar a realidade social das pessoas\u201d.<\/p>\n<p>A ex-jogadora de basquete, medalhista ol\u00edmpica e multicampe\u00e3 da WNBA, liga americana de basquete feminino, Janeth Arcain, \u00e9 uma das convidadas para o workshop. Membro do Conselho Executivo (Estatut\u00e1rio) do Comit\u00ea Ol\u00edmpico do Brasil (COB), ela fundou em 2002 o Instituto Janeth Arcain, projeto gratuito que atende crian\u00e7as e jovens com o intuito de contribuir para o desenvolvimento esportivo e forma\u00e7\u00e3o de pessoas por meio da pr\u00e1tica do basquete.<\/p>\n<p>Ela diz que \u201c\u00e9 de suma import\u00e2ncia um f\u00f3rum como esse, onde as organiza\u00e7\u00f5es possam se unir cada vez mais, debater muito sobre temas, falar sobre dificuldades, \u00eaxitos e, o mais importante, apresentar todo esse conhecimento adquirido ao longo do tempo. Quando falamos de projetos sociais, voltamos para a vulnerabilidade de pessoas que n\u00e3o tem oportunidades. Ser\u00e1 um grande momento para esse debate e para que as pessoas a frente das organiza\u00e7\u00f5es possam colocar em pr\u00e1tica suas ideias. Que, no fim, esse benef\u00edcio seja aplicado para que essas pessoas encontrem uma oportunidade\u201d.<\/p>\n<p>Daiany Fran\u00e7a Saldanha, fundadora do \u201cProjeto L\u00edderes Esportivos\u201d, mentora da Rede CT, mestra e doutoranda em Mudan\u00e7a Social e Participa\u00e7\u00e3o Pol\u00edtica pela EACH\/USP, comenta sobre um dos temas centrais do workshop: a melhor distribui\u00e7\u00e3o de recursos da Lei Federal de Incentivo ao Esporte. Ela diz que \u201ctemos uma excelente oportunidade em m\u00e3os. \u00c9 poss\u00edvel descentralizar os recursos atualmente concentrados no Sudeste para outras regi\u00f5es do pa\u00eds e promover maior equil\u00edbrio e inclus\u00e3o. Tamb\u00e9m \u00e9 oportuno atrair novos investidores sociais para apoiar a causa do esporte\u201d.<\/p>\n<p><strong>Debate tamb\u00e9m \u00e9 pol\u00edtico<\/strong><br \/>\nO encontro tamb\u00e9m ter\u00e1 convidados da esfera pol\u00edtica. O Secret\u00e1rio Nacional de Futebol e Defesa dos Direitos do Torcedor e ex-jogador de futebol, Athirson Mazolli e Oliveira, afirma que o f\u00f3rum \u201c\u00e9 um evento important\u00edssimo para unir o esporte e os projetos sociais, criando um espa\u00e7o para troca de experi\u00eancias e apresenta\u00e7\u00e3o de iniciativas de destaque. Enxergamos o esporte como ferramenta de inclus\u00e3o e desenvolvimento humano e incentivar a\u00e7\u00f5es pr\u00e1ticas e colaborativas que promovem transforma\u00e7\u00e3o social \u00e9 um dos nossos objetivos\u201d.<\/p>\n<p>\u201cO Brasil tem grande potencial para ampliar seu apoio a projetos sociais, especialmente com pol\u00edticas p\u00fablicas que descentralizem recursos e facilitem parcerias entre setores p\u00fablico e privado. A inclus\u00e3o pode ser fortalecida com mais incentivos e programas que cheguem a regi\u00f5es vulner\u00e1veis, potencializando o esporte como uma ferramenta para mudar vidas e construir oportunidades. \u00c9 para isso que trabalhamos\u201d, refor\u00e7a Oliveira.<\/p>\n<p>Isania Cruvinel Sanchez, diretora de Programas e Pol\u00edticas de Incentivo ao Esporte (PPIE) que atua no Minist\u00e9rio do Esporte em fun\u00e7\u00f5es relacionadas \u00e0 administra\u00e7\u00e3o e promo\u00e7\u00e3o de pol\u00edticas p\u00fablicas no setor esportivo, afirma que o pa\u00eds deve buscar mecanismos de motiva\u00e7\u00e3o para atividade f\u00edsica e evolu\u00e7\u00e3o do Desporto e Paradesporto. Segundo ela, \u201ca sensibiliza\u00e7\u00e3o dos atores que podem trabalhar com projetos de pr\u00e1ticas esportivas e maior profissionaliza\u00e7\u00e3o do setor esportivo por meio da Lei de Incentivo e demais pol\u00edticas p\u00fablicas, aproximando dos benefici\u00e1rios uma melhor condi\u00e7\u00e3o de acesso ao Esporte\u201d.<\/p>\n","protected":false},"excerpt":{"rendered":"<p>Com o objetivo de discutir temas relacionados \u00e0 descentraliza\u00e7\u00e3o de recursos, inclus\u00e3o, equidade e esporte, a Rede CT &#8211; Capacita\u00e7\u00e3o e Transforma\u00e7\u00e3o &#8211; rede de desenvolvimento de empreendedores sociais esportivos para uso de leis de incentivo, promover\u00e1 nesta quinta, 5, o 1\u00ba F\u00f3rum CT Centro-Oeste, que reunir\u00e1 representantes do terceiro setor e atletas no Edif\u00edcio [&hellip;]<\/p>\n","protected":false},"author":2,"featured_media":342422,"comment_status":"closed","ping_status":"closed","sticky":false,"template":"","format":"standard","meta":{"_acf_changed":false,"footnotes":""},"categories":[161],"tags":[],"class_list":["post-342421","post","type-post","status-publish","format-standard","has-post-thumbnail","hentry","category-quadradinho-em-foco"],"acf":[],"_links":{"self":[{"href":"https:\/\/www.notibras.com\/site\/wp-json\/wp\/v2\/posts\/342421","targetHints":{"allow":["GET"]}}],"collection":[{"href":"https:\/\/www.notibras.com\/site\/wp-json\/wp\/v2\/posts"}],"about":[{"href":"https:\/\/www.notibras.com\/site\/wp-json\/wp\/v2\/types\/post"}],"author":[{"embeddable":true,"href":"https:\/\/www.notibras.com\/site\/wp-json\/wp\/v2\/users\/2"}],"replies":[{"embeddable":true,"href":"https:\/\/www.notibras.com\/site\/wp-json\/wp\/v2\/comments?post=342421"}],"version-history":[{"count":1,"href":"https:\/\/www.notibras.com\/site\/wp-json\/wp\/v2\/posts\/342421\/revisions"}],"predecessor-version":[{"id":342423,"href":"https:\/\/www.notibras.com\/site\/wp-json\/wp\/v2\/posts\/342421\/revisions\/342423"}],"wp:featuredmedia":[{"embeddable":true,"href":"https:\/\/www.notibras.com\/site\/wp-json\/wp\/v2\/media\/342422"}],"wp:attachment":[{"href":"https:\/\/www.notibras.com\/site\/wp-json\/wp\/v2\/media?parent=342421"}],"wp:term":[{"taxonomy":"category","embeddable":true,"href":"https:\/\/www.notibras.com\/site\/wp-json\/wp\/v2\/categories?post=342421"},{"taxonomy":"post_tag","embeddable":true,"href":"https:\/\/www.notibras.com\/site\/wp-json\/wp\/v2\/tags?post=342421"}],"curies":[{"name":"wp","href":"https:\/\/api.w.org\/{rel}","templated":true}]}}