{"id":342454,"date":"2024-12-05T00:07:26","date_gmt":"2024-12-05T03:07:26","guid":{"rendered":"https:\/\/www.notibras.com\/site\/?p=342454"},"modified":"2024-12-05T05:10:34","modified_gmt":"2024-12-05T08:10:34","slug":"lula-assina-decreto-de-demarcacao-de-terra-indigena","status":"publish","type":"post","link":"https:\/\/www.notibras.com\/site\/lula-assina-decreto-de-demarcacao-de-terra-indigena\/","title":{"rendered":"Lula assina decreto de demarca\u00e7\u00e3o de terra ind\u00edgena"},"content":{"rendered":"<p>O presidente Luiz In\u00e1cio Lula da Silva assinou na quarta (4), a demarca\u00e7\u00e3o da terra ind\u00edgena Potiguara de Monte-Mor, na Para\u00edba. Al\u00e9m da demarca\u00e7\u00e3o, ele destacou a necessidade de garantir pol\u00edticas p\u00fablicas para a regi\u00e3o e outros territ\u00f3rios de povos origin\u00e1rios.<\/p>\n<p>\u201cN\u00f3s temos mais 2 anos de governo e a gente vai continuar trabalhando para legalizar e entregar todas as terras que tiverem sobre a nossa responsabilidade\u201d, garantiu o presidente. Lula disse que quer deixar como legado o maior n\u00famero de autoriza\u00e7\u00f5es de terras ind\u00edgenas.<\/p>\n<p>O presidente entende que n\u00e3o deve haver pol\u00eamica se as terras s\u00e3o ou n\u00e3o de comunidade ind\u00edgena, j\u00e1 que as decis\u00f5es s\u00e3o baseadas nos estudos de profissionais da antropologia.<\/p>\n<p>O ministro da Justi\u00e7a, Ricardo Lewandowski, tamb\u00e9m presente ao evento de assinatura de demarca\u00e7\u00e3o, refor\u00e7ou que a decis\u00e3o colocou um ponto final a \u201cuma longa controv\u00e9rsia\u201d.<\/p>\n<p><strong>Meio ambiente<\/strong><br \/>\n\u201cEstamos cumprindo um dever que a Constitui\u00e7\u00e3o imp\u00f5e ao Estado, que \u00e9 a demarca\u00e7\u00e3o das terras dos ind\u00edgenas\u201d, afirmou Lewandowiski.<\/p>\n<p>O ministro acrescentou que a defini\u00e7\u00e3o ajuda a proteger o meio ambiente. \u201cJ\u00e1 est\u00e1 cientificamente provado que, onde os \u00edndios est\u00e3o assentados, o meio ambiente est\u00e1 melhor protegido\u201d.<\/p>\n<p>A ministra dos Povos Ind\u00edgenas, Sonia Guajajara, lembrou que havia uma estimativa, antes do in\u00edcio do governo, de homologar 14 territ\u00f3rios. A terra ind\u00edgena Potiguara de Monte-Mor foi a 13\u00aa da lista, segundo a ministra, daquelas previamente elencadas.<\/p>\n<p>\u201cEstamos confiantes de que, at\u00e9 o final do ano, a gente consiga alcan\u00e7ar essa meta de 100%\u201d.<\/p>\n<p>Sonia Guajajara disse que o governo conseguiu tamb\u00e9m realizar integralmente cinco desintrus\u00f5es (retirar pessoas que ocupam ilegalmente \u00e1reas ind\u00edgenas). \u201cN\u00f3s temos uma lista muito maior de \u00e1reas que n\u00e3o est\u00e3o judicializadas, mas que tamb\u00e9m t\u00eam urg\u00eancia para que essas desintrus\u00f5es sejam feitas\u201d.<\/p>\n<p>A ministra afirmou que h\u00e1 situa\u00e7\u00f5es preocupantes com invas\u00f5es mesmo em \u00e1reas demarcadas. \u201cA demarca\u00e7\u00e3o \u00e9 um passo fundamental para garantir essa seguran\u00e7a, a gest\u00e3o e a melhoria da qualidade de vida dos povos ind\u00edgenas dentro dos seus territ\u00f3rios\u201d, disse.<\/p>\n","protected":false},"excerpt":{"rendered":"<p>O presidente Luiz In\u00e1cio Lula da Silva assinou na quarta (4), a demarca\u00e7\u00e3o da terra ind\u00edgena Potiguara de Monte-Mor, na Para\u00edba. Al\u00e9m da demarca\u00e7\u00e3o, ele destacou a necessidade de garantir pol\u00edticas p\u00fablicas para a regi\u00e3o e outros territ\u00f3rios de povos origin\u00e1rios. \u201cN\u00f3s temos mais 2 anos de governo e a gente vai continuar trabalhando para [&hellip;]<\/p>\n","protected":false},"author":2,"featured_media":342455,"comment_status":"closed","ping_status":"closed","sticky":false,"template":"","format":"standard","meta":{"_acf_changed":false,"footnotes":""},"categories":[165],"tags":[],"class_list":["post-342454","post","type-post","status-publish","format-standard","has-post-thumbnail","hentry","category-nordeste"],"acf":[],"_links":{"self":[{"href":"https:\/\/www.notibras.com\/site\/wp-json\/wp\/v2\/posts\/342454","targetHints":{"allow":["GET"]}}],"collection":[{"href":"https:\/\/www.notibras.com\/site\/wp-json\/wp\/v2\/posts"}],"about":[{"href":"https:\/\/www.notibras.com\/site\/wp-json\/wp\/v2\/types\/post"}],"author":[{"embeddable":true,"href":"https:\/\/www.notibras.com\/site\/wp-json\/wp\/v2\/users\/2"}],"replies":[{"embeddable":true,"href":"https:\/\/www.notibras.com\/site\/wp-json\/wp\/v2\/comments?post=342454"}],"version-history":[{"count":1,"href":"https:\/\/www.notibras.com\/site\/wp-json\/wp\/v2\/posts\/342454\/revisions"}],"predecessor-version":[{"id":342456,"href":"https:\/\/www.notibras.com\/site\/wp-json\/wp\/v2\/posts\/342454\/revisions\/342456"}],"wp:featuredmedia":[{"embeddable":true,"href":"https:\/\/www.notibras.com\/site\/wp-json\/wp\/v2\/media\/342455"}],"wp:attachment":[{"href":"https:\/\/www.notibras.com\/site\/wp-json\/wp\/v2\/media?parent=342454"}],"wp:term":[{"taxonomy":"category","embeddable":true,"href":"https:\/\/www.notibras.com\/site\/wp-json\/wp\/v2\/categories?post=342454"},{"taxonomy":"post_tag","embeddable":true,"href":"https:\/\/www.notibras.com\/site\/wp-json\/wp\/v2\/tags?post=342454"}],"curies":[{"name":"wp","href":"https:\/\/api.w.org\/{rel}","templated":true}]}}