{"id":342457,"date":"2024-12-05T00:00:37","date_gmt":"2024-12-05T03:00:37","guid":{"rendered":"https:\/\/www.notibras.com\/site\/?p=342457"},"modified":"2024-12-05T05:21:04","modified_gmt":"2024-12-05T08:21:04","slug":"minha-casa-minha-vida-tem-recursos-garantidos-diz-jader-filho","status":"publish","type":"post","link":"https:\/\/www.notibras.com\/site\/minha-casa-minha-vida-tem-recursos-garantidos-diz-jader-filho\/","title":{"rendered":"Minha Casa, Minha Vida tem recursos garantidos, diz Jader Filho"},"content":{"rendered":"<p>O ministro das Cidades, Jader Filho, disse nessa quarta-feira (4) que o programa Minha Casa, Minha Vida n\u00e3o ser\u00e1 afetado pelo pacote de corte de gastos, e que os recursos est\u00e3o garantidos. Os nordestinos est\u00e3o entre os maiores benefici\u00e1rios do programa.<\/p>\n<p>\u201cA gente tem que ter responsabilidade com a quest\u00e3o dos gastos federais. Nisso a gente vai avan\u00e7ar, sem trazer nenhum tipo de inseguran\u00e7a ou incerteza para o programa Minha Casa, Minha Vida, que est\u00e1, obviamente, com recursos garantidos\u201d, destacou.<\/p>\n<p>Quanto ao pacote, o ministro disse que acha important\u00edssimo \u201co governo federal dar essa sinaliza\u00e7\u00e3o de que tem responsabilidade fiscal, de que est\u00e1 bem atento \u00e0 quest\u00e3o das contas p\u00fablicas. Esse \u00e9 um dos temas que o presidente Lula mais tem debatido\u201d.<\/p>\n<p>Segundo Jader, a pasta contabiliza atualmente 1,175 milh\u00e3o de unidades habitacionais contratadas pelo Minha Casa, Minha Vida. A meta estabelecida pelo governo federal e pelo pr\u00f3prio presidente Luiz In\u00e1cio Lula da Silva \u00e9 chegar \u00e0 marca de 2 milh\u00f5es. \u201cO programa est\u00e1 muito fortalecido, tem avan\u00e7ado bastante em todas as frentes\u201d, afirmou.<\/p>\n","protected":false},"excerpt":{"rendered":"<p>O ministro das Cidades, Jader Filho, disse nessa quarta-feira (4) que o programa Minha Casa, Minha Vida n\u00e3o ser\u00e1 afetado pelo pacote de corte de gastos, e que os recursos est\u00e3o garantidos. Os nordestinos est\u00e3o entre os maiores benefici\u00e1rios do programa. \u201cA gente tem que ter responsabilidade com a quest\u00e3o dos gastos federais. Nisso a [&hellip;]<\/p>\n","protected":false},"author":2,"featured_media":342458,"comment_status":"closed","ping_status":"closed","sticky":false,"template":"","format":"standard","meta":{"_acf_changed":false,"footnotes":""},"categories":[165],"tags":[],"class_list":["post-342457","post","type-post","status-publish","format-standard","has-post-thumbnail","hentry","category-nordeste"],"acf":[],"_links":{"self":[{"href":"https:\/\/www.notibras.com\/site\/wp-json\/wp\/v2\/posts\/342457","targetHints":{"allow":["GET"]}}],"collection":[{"href":"https:\/\/www.notibras.com\/site\/wp-json\/wp\/v2\/posts"}],"about":[{"href":"https:\/\/www.notibras.com\/site\/wp-json\/wp\/v2\/types\/post"}],"author":[{"embeddable":true,"href":"https:\/\/www.notibras.com\/site\/wp-json\/wp\/v2\/users\/2"}],"replies":[{"embeddable":true,"href":"https:\/\/www.notibras.com\/site\/wp-json\/wp\/v2\/comments?post=342457"}],"version-history":[{"count":1,"href":"https:\/\/www.notibras.com\/site\/wp-json\/wp\/v2\/posts\/342457\/revisions"}],"predecessor-version":[{"id":342459,"href":"https:\/\/www.notibras.com\/site\/wp-json\/wp\/v2\/posts\/342457\/revisions\/342459"}],"wp:featuredmedia":[{"embeddable":true,"href":"https:\/\/www.notibras.com\/site\/wp-json\/wp\/v2\/media\/342458"}],"wp:attachment":[{"href":"https:\/\/www.notibras.com\/site\/wp-json\/wp\/v2\/media?parent=342457"}],"wp:term":[{"taxonomy":"category","embeddable":true,"href":"https:\/\/www.notibras.com\/site\/wp-json\/wp\/v2\/categories?post=342457"},{"taxonomy":"post_tag","embeddable":true,"href":"https:\/\/www.notibras.com\/site\/wp-json\/wp\/v2\/tags?post=342457"}],"curies":[{"name":"wp","href":"https:\/\/api.w.org\/{rel}","templated":true}]}}