{"id":342484,"date":"2024-12-05T06:57:16","date_gmt":"2024-12-05T09:57:16","guid":{"rendered":"https:\/\/www.notibras.com\/site\/?p=342484"},"modified":"2024-12-05T06:57:16","modified_gmt":"2024-12-05T09:57:16","slug":"juninho-meu-amigo-da-rural-apareceu-na-capital","status":"publish","type":"post","link":"https:\/\/www.notibras.com\/site\/juninho-meu-amigo-da-rural-apareceu-na-capital\/","title":{"rendered":"Juninho, meu amigo da Rural, apareceu na capital"},"content":{"rendered":"<p>J\u00e1 faz um temp\u00e3o que me formei em medicina veterin\u00e1ria l\u00e1 na UFRRJ (Rural), onde, nos \u00faltimos semestres do curso, conheci o Juninho. De cara, surgiu aquela empatia e a amizade floresceu. A vida, no entanto, nos levou para caminhos distintos, mas n\u00e3o nos separou, mesmo porque, n\u00e3o importa o qu\u00e3o demore, nos esbarramos por este pa\u00eds imenso chamado Brasil.<\/p>\n<p>Lembro-me de uma passagem que tivemos l\u00e1 na Rural. Est\u00e1vamos no churrasco da minha despedida da universidade, quando o Juninho apareceu com um viol\u00e3o debaixo do bra\u00e7o. Isso, ali\u00e1s, foi uma surpresa, pois n\u00e3o sabia que ele era m\u00fasico. E dos bons, como constatei naqueles idos.<\/p>\n<p>\u2014 Edu, tem alguma m\u00fasica que voc\u00ea curta?<\/p>\n<p>\u2014 Tem v\u00e1rias, mas me deu vontade de ouvir &#8220;Johnny B Goode&#8221;.<\/p>\n<p>Na verdade, n\u00e3o botei muita f\u00e9 que ele soubesse toc\u00e1-la. Ledo engano, pois o Juninho fez uma performance mais ic\u00f4nica do que as do Chuck Berry e do Marty McFly.<\/p>\n<p>Depois que sa\u00ed da Rural, encontrei o meu amigo outras vezes. Numa delas, ele disse que estava a caminho do Tocantins. Anos ap\u00f3s, eis que ele me manda uma mensagem dizendo que estava em Manaus. Pois \u00e9, Manaus!<\/p>\n<p>H\u00e1 alguns anos, o Juninho me falou que havia se mudado para Vit\u00f3ria e, assim que tive oportunidade, fui visit\u00e1-lo. Eu estava passando alguns dias em Guarapari com a Dona Irene e a minha filha do meio, a Mariana, e, ent\u00e3o, fomos at\u00e9 a capital capixaba. Momentos de muita emo\u00e7\u00e3o, ainda mais porque o Juninho ainda guardava o mesmo viol\u00e3o daquele churrasco l\u00e1 na Rural.<\/p>\n<p>\u2014 Durmam aqui em casa, Edu! Tem espa\u00e7o e, se n\u00e3o tiver, damos um jeito.<\/p>\n<p>\u2014 N\u00e3o d\u00e1, Juninho, pois preciso trabalhar depois de amanh\u00e3. E tem muito ch\u00e3o ainda pra chegar.<\/p>\n<p>Mais uma vez, meu parceiro e eu nos despedimos. Isso aconteceu h\u00e1 quase dez anos. Promessas de novas visitas, que n\u00e3o se cumpriram, at\u00e9 que, nesses dias, recebi uma mensagem do Juninho.<\/p>\n<p>\u2014 Edu, t\u00f4 em Bras\u00edlia. Se voc\u00ea estiver por aqui, quero te dar um abra\u00e7o.<\/p>\n<p>\u00c9 incr\u00edvel como as coisas acontecem. H\u00e1 tr\u00eas anos resido em Porto Alegre. Todavia, por for\u00e7a dos astros, eis que cheguei \u00e0 capital do pa\u00eds nesses dias para resolver algumas coisas com meus colegas do Notibras.<\/p>\n<p>O encontro se deu em um bar na Asa Norte. Muitas recorda\u00e7\u00f5es, muitas novidades, muitas gargalhadas. O Juninho estava sem o viol\u00e3o, mas prometeu que, da pr\u00f3xima vez, n\u00e3o o esquecer\u00e1. Ah, ele est\u00e1 de mudan\u00e7a para outro pa\u00eds. E, assim que nos despedimos, ele gritou:<\/p>\n<p>\u2014Edu, te espero no Uruguai!<\/p>\n<p>&#8230;&#8230;&#8230;&#8230;&#8230;&#8230;&#8230;<\/p>\n<p>*<strong>Eduardo Mart\u00ednez \u00e9 autor do livro \u201c57 Contos e Cr\u00f4nicas por um Autor muito Velho\u201d.<\/strong><\/p>\n<div class=\"mvp-post-soc-in\">\n<div id=\"mvp-content-body\" class=\"left relative\">\n<div id=\"mvp-content-body-top\" class=\"left relative\">\n<div id=\"mvp-content-main\" class=\"left relative\">\n<p>Compre aqui\u00a0<span class=\"x19la9d6 x1fc57z9 x6ikm8r x10wlt62 x19co3pv x1g5zs5t xfibh0p xiy17q3 x1xsqp64 x1lkfr7t xexx8yu x4uap5 x18d9i69 xkhd6sd\"><span class=\"xrtxmta x1bhl96m\"><img decoding=\"async\" class=\"emoji\" role=\"img\" draggable=\"false\" src=\"https:\/\/s.w.org\/images\/core\/emoji\/14.0.0\/svg\/1f447-1f3ff.svg\" alt=\"&#x1f447;&#x1f3ff;\" \/><\/span><\/span><span class=\"x19la9d6 x1fc57z9 x6ikm8r x10wlt62 x19co3pv x1g5zs5t xfibh0p xiy17q3 x1xsqp64 x1lkfr7t xexx8yu x4uap5 x18d9i69 xkhd6sd\"><span class=\"xrtxmta x1bhl96m\"><img decoding=\"async\" class=\"emoji\" role=\"img\" draggable=\"false\" src=\"https:\/\/s.w.org\/images\/core\/emoji\/14.0.0\/svg\/1f447-1f3ff.svg\" alt=\"&#x1f447;&#x1f3ff;\" \/><\/span><\/span><span class=\"x19la9d6 x1fc57z9 x6ikm8r x10wlt62 x19co3pv x1g5zs5t xfibh0p xiy17q3 x1xsqp64 x1lkfr7t xexx8yu x4uap5 x18d9i69 xkhd6sd\"><span class=\"xrtxmta x1bhl96m\"><img decoding=\"async\" class=\"emoji\" role=\"img\" draggable=\"false\" src=\"https:\/\/s.w.org\/images\/core\/emoji\/14.0.0\/svg\/1f447-1f3ff.svg\" alt=\"&#x1f447;&#x1f3ff;\" \/><\/span><\/span><\/p>\n<p><a href=\"http:\/\/www.joanineditora.com.br\/57-contos-e-cronicas-por-um-autor-muito-velho\">http:\/\/www.joanineditora.com.br\/57-contos-e-cronicas-por-um-autor-muito-velho<\/a><\/p>\n<\/div>\n<\/div>\n<\/div>\n<\/div>\n","protected":false},"excerpt":{"rendered":"<p>J\u00e1 faz um temp\u00e3o que me formei em medicina veterin\u00e1ria l\u00e1 na UFRRJ (Rural), onde, nos \u00faltimos semestres do curso, conheci o Juninho. De cara, surgiu aquela empatia e a amizade floresceu. A vida, no entanto, nos levou para caminhos distintos, mas n\u00e3o nos separou, mesmo porque, n\u00e3o importa o qu\u00e3o demore, nos esbarramos por [&hellip;]<\/p>\n","protected":false},"author":2,"featured_media":342485,"comment_status":"closed","ping_status":"closed","sticky":false,"template":"","format":"standard","meta":{"_acf_changed":false,"footnotes":""},"categories":[161],"tags":[],"class_list":["post-342484","post","type-post","status-publish","format-standard","has-post-thumbnail","hentry","category-quadradinho-em-foco"],"acf":[],"_links":{"self":[{"href":"https:\/\/www.notibras.com\/site\/wp-json\/wp\/v2\/posts\/342484","targetHints":{"allow":["GET"]}}],"collection":[{"href":"https:\/\/www.notibras.com\/site\/wp-json\/wp\/v2\/posts"}],"about":[{"href":"https:\/\/www.notibras.com\/site\/wp-json\/wp\/v2\/types\/post"}],"author":[{"embeddable":true,"href":"https:\/\/www.notibras.com\/site\/wp-json\/wp\/v2\/users\/2"}],"replies":[{"embeddable":true,"href":"https:\/\/www.notibras.com\/site\/wp-json\/wp\/v2\/comments?post=342484"}],"version-history":[{"count":1,"href":"https:\/\/www.notibras.com\/site\/wp-json\/wp\/v2\/posts\/342484\/revisions"}],"predecessor-version":[{"id":342486,"href":"https:\/\/www.notibras.com\/site\/wp-json\/wp\/v2\/posts\/342484\/revisions\/342486"}],"wp:featuredmedia":[{"embeddable":true,"href":"https:\/\/www.notibras.com\/site\/wp-json\/wp\/v2\/media\/342485"}],"wp:attachment":[{"href":"https:\/\/www.notibras.com\/site\/wp-json\/wp\/v2\/media?parent=342484"}],"wp:term":[{"taxonomy":"category","embeddable":true,"href":"https:\/\/www.notibras.com\/site\/wp-json\/wp\/v2\/categories?post=342484"},{"taxonomy":"post_tag","embeddable":true,"href":"https:\/\/www.notibras.com\/site\/wp-json\/wp\/v2\/tags?post=342484"}],"curies":[{"name":"wp","href":"https:\/\/api.w.org\/{rel}","templated":true}]}}