{"id":342493,"date":"2024-12-05T00:00:44","date_gmt":"2024-12-05T03:00:44","guid":{"rendered":"https:\/\/www.notibras.com\/site\/?p=342493"},"modified":"2024-12-05T07:31:58","modified_gmt":"2024-12-05T10:31:58","slug":"agentes-de-vigilancia-ambiental-visitam-residencias-no-combate-a-dengue","status":"publish","type":"post","link":"https:\/\/www.notibras.com\/site\/agentes-de-vigilancia-ambiental-visitam-residencias-no-combate-a-dengue\/","title":{"rendered":"Agentes de Vigil\u00e2ncia Ambiental visitam resid\u00eancias no combate \u00e0 dengue"},"content":{"rendered":"<p>De porta em porta, agentes de Vigil\u00e2ncia Ambiental em Sa\u00fade (Avas) da Secretaria de Sa\u00fade (SES-DF) percorrem as ruas do Distrito Federal. As visitas pretendem orientar e proteger a popula\u00e7\u00e3o contra o Aedes aegypti, mosquito transmissor da dengue, febre amarela, zika e chikungunya.<\/p>\n<p>Foi durante esse trabalho cont\u00ednuo que a equipe da secretaria bateu no port\u00e3o da dona de casa Gerulina Santana Ferreira, 74 anos, no Residencial das Ac\u00e1cias, no Sol Nascente, nesta semana. Cuidadosa, ela levou um susto ao ser avisada que um pratinho de plantas abrigava larvas. \u201cMinha casa \u00e9 sempre limpa, mas machuquei o bra\u00e7o e fiquei uns dias sem poder fazer a vistoria no jardim. Sempre recebo os agentes porque, se nos descuidamos um pouco, o mosquito aparece. Ainda bem que viram a situa\u00e7\u00e3o e ajudaram a combater\u201d, disse.<\/p>\n<p>Ainda na resid\u00eancia de Gerulina, os agentes instalaram disseminadora de larvicidas (EDLs), uma armadilha para o mosquito. \u201cAchei muito legal essa estrat\u00e9gia. Nunca tinha visto. Achei inteligente e me explicaram como funciona. Mais uma ferramenta importante para pegar esse bicho perigoso\u201d, comemorou a moradora.<\/p>\n<p>Os Avas tamb\u00e9m visitaram a casa da psic\u00f3loga Lidiane Maria de Sousa, 43. \u201cTomamos muito cuidado com as plantas e o lixo \u00e9 tampado. Por\u00e9m, a caixa d\u2019\u00e1gua \u00e9 essencial. Por conta da correria, tinha mais de uma semana que eu nem olhava. Os ovos j\u00e1 eclodiram e n\u00e3o percebi. Se n\u00e3o fosse pelos agentes, n\u00e3o iria ver\u201d, revelou.<\/p>\n<p><strong>Mapeamento<\/strong><br \/>\nEm acr\u00e9scimo \u00e0s vistorias e \u00e0s armadilhas, as equipes da SES-DF tamb\u00e9m contam com tecnologias espec\u00edficas que ajudam no combate \u00e0 dengue. S\u00e3o realizados, por exemplo, testes com o material coletado. A inten\u00e7\u00e3o \u00e9 distinguir, no laborat\u00f3rio entomol\u00f3gico, se as larvas s\u00e3o ou n\u00e3o do Aedes aegypti. Essa identifica\u00e7\u00e3o permite fazer um mapeamento dos focos da doen\u00e7a. Em caso positivo, a equipe retorna ao local para um tratamento mais intenso com inseticida.<\/p>\n<p>A manicure Zilma dos Santos, 43, n\u00e3o hesitou na hora de abrir a porta aos agentes. Ela relatou ter tido dengue no come\u00e7o do ano e passou nove dias internada com dores. \u201cN\u00e3o tenho mais plantas, mantenho o quintal bem limpo e troco sempre a \u00e1gua dos animais. Fico com medo de pegar de novo. Foi bem ruim a experi\u00eancia\u201d, contou.<\/p>\n<p><strong>Preven\u00e7\u00e3o e coletividade<\/strong><br \/>\nA secret\u00e1ria de Sa\u00fade, Lucilene Flor\u00eancio, destaca que o governo do DF tem se empenhado de forma intensa no combate \u00e0 dengue, com a\u00e7\u00f5es preventivas que come\u00e7am antes mesmo do aumento dos casos.<\/p>\n<p>\u201cUm dos pilares da estrat\u00e9gia \u00e9 a atua\u00e7\u00e3o dos Avas, que desempenham um papel essencial nas visitas domiciliares. \u00c9 nesse contato direto com a popula\u00e7\u00e3o que fortalecemos a preven\u00e7\u00e3o, garantindo que as comunidades estejam protegidas e preparadas\u201d, apontou a gestora.<\/p>\n<p>O agente Ernesto Augustus Renovato Ara\u00fajo lembrou sobre a import\u00e2ncia da participa\u00e7\u00e3o das comunidades, evitando \u00e1gua parada e descartando corretamente lixo e entulhos. \u201cQuando entramos na resid\u00eancia, sempre verificamos plantas, calhas, ralos dos banheiros. A \u00e1gua dos animais de estima\u00e7\u00e3o precisa ser trocada frequentemente. Se cada morador tirar dez minutos semanais para verificar esses pontos, j\u00e1 quebra o ciclo e dificulta a vida do mosquito\u201d, explicou.<\/p>\n","protected":false},"excerpt":{"rendered":"<p>De porta em porta, agentes de Vigil\u00e2ncia Ambiental em Sa\u00fade (Avas) da Secretaria de Sa\u00fade (SES-DF) percorrem as ruas do Distrito Federal. As visitas pretendem orientar e proteger a popula\u00e7\u00e3o contra o Aedes aegypti, mosquito transmissor da dengue, febre amarela, zika e chikungunya. Foi durante esse trabalho cont\u00ednuo que a equipe da secretaria bateu no [&hellip;]<\/p>\n","protected":false},"author":2,"featured_media":342494,"comment_status":"closed","ping_status":"closed","sticky":false,"template":"","format":"standard","meta":{"_acf_changed":false,"footnotes":""},"categories":[161],"tags":[],"class_list":["post-342493","post","type-post","status-publish","format-standard","has-post-thumbnail","hentry","category-quadradinho-em-foco"],"acf":[],"_links":{"self":[{"href":"https:\/\/www.notibras.com\/site\/wp-json\/wp\/v2\/posts\/342493","targetHints":{"allow":["GET"]}}],"collection":[{"href":"https:\/\/www.notibras.com\/site\/wp-json\/wp\/v2\/posts"}],"about":[{"href":"https:\/\/www.notibras.com\/site\/wp-json\/wp\/v2\/types\/post"}],"author":[{"embeddable":true,"href":"https:\/\/www.notibras.com\/site\/wp-json\/wp\/v2\/users\/2"}],"replies":[{"embeddable":true,"href":"https:\/\/www.notibras.com\/site\/wp-json\/wp\/v2\/comments?post=342493"}],"version-history":[{"count":1,"href":"https:\/\/www.notibras.com\/site\/wp-json\/wp\/v2\/posts\/342493\/revisions"}],"predecessor-version":[{"id":342495,"href":"https:\/\/www.notibras.com\/site\/wp-json\/wp\/v2\/posts\/342493\/revisions\/342495"}],"wp:featuredmedia":[{"embeddable":true,"href":"https:\/\/www.notibras.com\/site\/wp-json\/wp\/v2\/media\/342494"}],"wp:attachment":[{"href":"https:\/\/www.notibras.com\/site\/wp-json\/wp\/v2\/media?parent=342493"}],"wp:term":[{"taxonomy":"category","embeddable":true,"href":"https:\/\/www.notibras.com\/site\/wp-json\/wp\/v2\/categories?post=342493"},{"taxonomy":"post_tag","embeddable":true,"href":"https:\/\/www.notibras.com\/site\/wp-json\/wp\/v2\/tags?post=342493"}],"curies":[{"name":"wp","href":"https:\/\/api.w.org\/{rel}","templated":true}]}}