{"id":342522,"date":"2024-12-06T00:30:47","date_gmt":"2024-12-06T03:30:47","guid":{"rendered":"https:\/\/www.notibras.com\/site\/?p=342522"},"modified":"2024-12-06T00:32:42","modified_gmt":"2024-12-06T03:32:42","slug":"corram-que-soldados-da-pm-do-ceara-rio-e-sao-paulo-vem-ai-para-matar","status":"publish","type":"post","link":"https:\/\/www.notibras.com\/site\/corram-que-soldados-da-pm-do-ceara-rio-e-sao-paulo-vem-ai-para-matar\/","title":{"rendered":"Corram que soldados da PM do Cear\u00e1, Rio e S\u00e3o Paulo v\u00eam a\u00ed para matar"},"content":{"rendered":"<p>M\u00e3os ao alto! Teje morto! E, se puder, reclame com Deus. Na terra quem manda somos n\u00f3s. \u00c9 o que temos. Por aqui \u00e9 chique matar, jogar da ponte, emparedar o povo e cagar para as autoridades. Parecem frases engra\u00e7adas e criadas para desanuviar o ambiente? Claro que n\u00e3o! \u00c9 o modus operandi das pol\u00edcias militares do Brasil, particularmente as de S\u00e3o Paulo, do Rio de Janeiro e do Cear\u00e1. De soldado a capit\u00e3o, o sistema \u00e9 bruto. Fardados, eles s\u00e3o iguais a pimenta: poucos gostam e quase ningu\u00e9m aguenta.<\/p>\n<p>O sistema da rapaziada fardada e armada hoje \u00e9 olho no olho, porrada nos indefesos e caix\u00e3o e vela preta para quem se ofender com a trucul\u00eancia. N\u00e3o sei mais o que dizer a paulistas, cariocas e cearenses. Antes de qualquer coisa, escondam as carteiras e fa\u00e7am seguro de vida. Depois, quem sabe, vale tentar ligar para a pol\u00edcia para denunciar a pol\u00edcia. Besteira. Povo brasileiro, o melhor \u00e9 correr porque a pol\u00edcia vem a\u00ed. Ou ser\u00e3o os ladr\u00f5es. Tanto faz, pois, no Brasil, pol\u00edcia e ladr\u00e3o s\u00e3o opostos que se atraem. J\u00e1 se foi o tempo em que a pol\u00edcia corria atr\u00e1s do que n\u00e3o presta.<\/p>\n<p>Respeitosamente guardadas as exce\u00e7\u00f5es, atualmente \u00e9 quem n\u00e3o presta que corre atr\u00e1s da pol\u00edcia. Tempo tenebroso esse nosso. Corpora\u00e7\u00e3o brasileira que j\u00e1 mereceu respeito, a PM hoje \u00e9 um amontoado de defensores da lei preocupados exclusivamente em descumprir as leis. Entregue \u00e0 pr\u00f3pria sorte, a popula\u00e7\u00e3o que se cuide. O povo chegou ao ponto cr\u00edtico de gostar da pol\u00edcia, mas n\u00e3o suportar os policiais. Est\u00e3o todos cansados do bord\u00e3o \u201cO comando da PM n\u00e3o compactua com qualquer desvio de conduta e os abusos ser\u00e3o investigados\u201d. O problema \u00e9 que a conduta desviada parece regra nas pol\u00edcias militares do pa\u00eds. Talvez porque os abusos raramente s\u00e3o investigados.<\/p>\n<p>Eis a prova de que estamos todos \u00e0 merc\u00ea da vilania e do descontrole dos batalh\u00f5es. \u00c9 a trucul\u00eancia paga com dinheiro p\u00fablico. Certos da impunidade, os agentes armados n\u00e3o se acham mais os donos do mundo. Eles agora t\u00eam certeza. Por isso, o violento desrespeito \u00e0s pessoas indefesas e que n\u00e3o oferecem resist\u00eancia. No Brasil dos \u201cpatriotas\u201d ferrenhos, quem nunca apanhou dos pais est\u00e1 apanhando da pol\u00edcia, especialmente a militar, notadamente as de S\u00e3o Paulo e do Rio de Janeiro, curiosamente estados governados por bolsonaristas de cela e de arreio.<\/p>\n<p>\u00c9 malhar em ferro frio, mas, para quem n\u00e3o se lembra, policiais militares, civis e guardas municipais s\u00e3o empregados do povo. Em plena democracia, a popula\u00e7\u00e3o teme muito e confia pouco nas pol\u00edcias. Imaginem se o golpe tivesse dado certo. No faroeste cabrunco das grandes capitais, a vida n\u00e3o tem mais valor. Quanto \u00e0 morte, por vezes ela tem seu pre\u00e7o. H\u00e1 cerca de dois meses valia a retomada do poder. N\u00e3o mataram porque perderam a f\u00f3rmula do sucesso. Depois do fracasso do golpe, o momento n\u00e3o \u00e9 de lutarmos somente por uma vida. Lutemos por todas elas.<\/p>\n<p>O Brasil e os brasileiros n\u00e3o merecem PMs arrogantes, matadores, repressivos e que idolatram governantes que cortejam o autoritarismo. Acabou o tempo em que a Pol\u00edcia era a guardi\u00e3 da sociedade e da cidadania. Na verdade, acabou-se tudo. Uma coisa \u00e9 certa: est\u00e1 tudo errado nas pol\u00edcias do pa\u00eds. Seus representantes n\u00e3o t\u00eam nenhuma comiss\u00e3o de Deus para matar indistintamente. O crescimento da barb\u00e1rie policial n\u00e3o \u00e9 mera coincid\u00eancia. Tudo a ver com a frustrada ruptura democr\u00e1tica. Como uma na\u00e7\u00e3o de ovelhas forja governo de lobos, podemos n\u00e3o ser bestas para tirar onda de her\u00f3i. Todavia, j\u00e1 vacinados, temos o direito de exigir respeito dos cowboys fora da lei.<\/p>\n<p>&#8230;&#8230;&#8230;&#8230;&#8230;.<\/p>\n<p><strong>*Wenceslau Ara\u00fajo \u00e9 Editor-Chefe de <\/strong>Notibras<\/p>\n","protected":false},"excerpt":{"rendered":"<p>M\u00e3os ao alto! Teje morto! E, se puder, reclame com Deus. Na terra quem manda somos n\u00f3s. \u00c9 o que temos. Por aqui \u00e9 chique matar, jogar da ponte, emparedar o povo e cagar para as autoridades. Parecem frases engra\u00e7adas e criadas para desanuviar o ambiente? Claro que n\u00e3o! \u00c9 o modus operandi das pol\u00edcias [&hellip;]<\/p>\n","protected":false},"author":2,"featured_media":342523,"comment_status":"closed","ping_status":"closed","sticky":false,"template":"","format":"standard","meta":{"_acf_changed":false,"footnotes":""},"categories":[165],"tags":[],"class_list":["post-342522","post","type-post","status-publish","format-standard","has-post-thumbnail","hentry","category-nordeste"],"acf":[],"_links":{"self":[{"href":"https:\/\/www.notibras.com\/site\/wp-json\/wp\/v2\/posts\/342522","targetHints":{"allow":["GET"]}}],"collection":[{"href":"https:\/\/www.notibras.com\/site\/wp-json\/wp\/v2\/posts"}],"about":[{"href":"https:\/\/www.notibras.com\/site\/wp-json\/wp\/v2\/types\/post"}],"author":[{"embeddable":true,"href":"https:\/\/www.notibras.com\/site\/wp-json\/wp\/v2\/users\/2"}],"replies":[{"embeddable":true,"href":"https:\/\/www.notibras.com\/site\/wp-json\/wp\/v2\/comments?post=342522"}],"version-history":[{"count":1,"href":"https:\/\/www.notibras.com\/site\/wp-json\/wp\/v2\/posts\/342522\/revisions"}],"predecessor-version":[{"id":342524,"href":"https:\/\/www.notibras.com\/site\/wp-json\/wp\/v2\/posts\/342522\/revisions\/342524"}],"wp:featuredmedia":[{"embeddable":true,"href":"https:\/\/www.notibras.com\/site\/wp-json\/wp\/v2\/media\/342523"}],"wp:attachment":[{"href":"https:\/\/www.notibras.com\/site\/wp-json\/wp\/v2\/media?parent=342522"}],"wp:term":[{"taxonomy":"category","embeddable":true,"href":"https:\/\/www.notibras.com\/site\/wp-json\/wp\/v2\/categories?post=342522"},{"taxonomy":"post_tag","embeddable":true,"href":"https:\/\/www.notibras.com\/site\/wp-json\/wp\/v2\/tags?post=342522"}],"curies":[{"name":"wp","href":"https:\/\/api.w.org\/{rel}","templated":true}]}}