{"id":342526,"date":"2024-12-06T00:25:00","date_gmt":"2024-12-06T03:25:00","guid":{"rendered":"https:\/\/www.notibras.com\/site\/?p=342526"},"modified":"2024-12-06T00:33:15","modified_gmt":"2024-12-06T03:33:15","slug":"pessoas-com-deficiencia-provocada-pelo-virus-zika-terao-pensao-vitalicia","status":"publish","type":"post","link":"https:\/\/www.notibras.com\/site\/pessoas-com-deficiencia-provocada-pelo-virus-zika-terao-pensao-vitalicia\/","title":{"rendered":"Pessoas com defici\u00eancia provocada pelo v\u00edrus Zika ter\u00e3o pens\u00e3o vital\u00edcia"},"content":{"rendered":"<p>A C\u00e2mara dos Deputados aprovou projeto de lei que concede pens\u00e3o especial mensal e vital\u00edcia, equivalente ao teto do Regime Geral de Previd\u00eancia Social, atualmente em R$ 7.786,02, para pessoas com defici\u00eancia permanente decorrente de microcefalia associada \u00e0 infec\u00e7\u00e3o pelo v\u00edrus Zika. A proposta tamb\u00e9m concede indeniza\u00e7\u00e3o por dano moral, no valor de R$ 50 mil.<\/p>\n<p>Os Estados de maior risco de infec\u00e7\u00e3o da epidemia que atingiu o pa\u00eds a partir de 2018 foram Pernambuco e Bahia. A doen\u00e7a voltou a recrudescer no Nordeste de 2019 a 2021. O projeto seguiu para a san\u00e7\u00e3o do presidente Luiz In\u00e1cio Lula da Silva.<\/p>\n<p><strong>Guillain-Barr\u00e9<\/strong><br \/>\nUma das emendas aprovadas, por\u00e9m, retira da lista de beneficiados pessoas com defici\u00eancia permanente decorrente da S\u00edndrome de Guillain-Barr\u00e9 associada \u00e0 infec\u00e7\u00e3o pelo Zika.<\/p>\n<p>Outra emenda aprovada prev\u00ea que a pens\u00e3o seja paga tamb\u00e9m como abono a t\u00edtulo de 13\u00ba sal\u00e1rio, al\u00e9m de poder acumular com outros benef\u00edcios da Previd\u00eancia no valor de um sal\u00e1rio m\u00ednimo, com o Benef\u00edcio de Presta\u00e7\u00e3o Continuada (BPC) e com a indeniza\u00e7\u00e3o prevista.<\/p>\n<p>Uma terceira emenda impede a transmiss\u00e3o da pens\u00e3o ap\u00f3s a morte do benefici\u00e1rio para pessoa legalmente respons\u00e1vel que comprove ter cuidado do paciente desde o nascimento at\u00e9 o \u00f3bito.<\/p>\n<p><strong>Laudo<\/strong><br \/>\nPara receber a pens\u00e3o, dever\u00e1 ser apresentado laudo de junta m\u00e9dica p\u00fablica ou privada respons\u00e1vel pelo acompanhamento da pessoa benefici\u00e1ria.<\/p>\n<p>O projeto ainda amplia em 60 dias o sal\u00e1rio-maternidade e a licen\u00e7a-maternidade para casos de nascimento de crian\u00e7a com microcefalia decorrente do v\u00edrus Zika. A decis\u00e3o vale, inclusive, para ado\u00e7\u00e3o ou guarda judicial.<\/p>\n<p>J\u00e1 a licen\u00e7a-paternidade prevista na Consolida\u00e7\u00e3o das Leis do Trabalho (CLT), de 5 dias, ser\u00e1 estendida para 20 dias para os casos em quest\u00e3o.<\/p>\n","protected":false},"excerpt":{"rendered":"<p>A C\u00e2mara dos Deputados aprovou projeto de lei que concede pens\u00e3o especial mensal e vital\u00edcia, equivalente ao teto do Regime Geral de Previd\u00eancia Social, atualmente em R$ 7.786,02, para pessoas com defici\u00eancia permanente decorrente de microcefalia associada \u00e0 infec\u00e7\u00e3o pelo v\u00edrus Zika. A proposta tamb\u00e9m concede indeniza\u00e7\u00e3o por dano moral, no valor de R$ 50 [&hellip;]<\/p>\n","protected":false},"author":2,"featured_media":342527,"comment_status":"closed","ping_status":"closed","sticky":false,"template":"","format":"standard","meta":{"_acf_changed":false,"footnotes":""},"categories":[165],"tags":[],"class_list":["post-342526","post","type-post","status-publish","format-standard","has-post-thumbnail","hentry","category-nordeste"],"acf":[],"_links":{"self":[{"href":"https:\/\/www.notibras.com\/site\/wp-json\/wp\/v2\/posts\/342526","targetHints":{"allow":["GET"]}}],"collection":[{"href":"https:\/\/www.notibras.com\/site\/wp-json\/wp\/v2\/posts"}],"about":[{"href":"https:\/\/www.notibras.com\/site\/wp-json\/wp\/v2\/types\/post"}],"author":[{"embeddable":true,"href":"https:\/\/www.notibras.com\/site\/wp-json\/wp\/v2\/users\/2"}],"replies":[{"embeddable":true,"href":"https:\/\/www.notibras.com\/site\/wp-json\/wp\/v2\/comments?post=342526"}],"version-history":[{"count":1,"href":"https:\/\/www.notibras.com\/site\/wp-json\/wp\/v2\/posts\/342526\/revisions"}],"predecessor-version":[{"id":342528,"href":"https:\/\/www.notibras.com\/site\/wp-json\/wp\/v2\/posts\/342526\/revisions\/342528"}],"wp:featuredmedia":[{"embeddable":true,"href":"https:\/\/www.notibras.com\/site\/wp-json\/wp\/v2\/media\/342527"}],"wp:attachment":[{"href":"https:\/\/www.notibras.com\/site\/wp-json\/wp\/v2\/media?parent=342526"}],"wp:term":[{"taxonomy":"category","embeddable":true,"href":"https:\/\/www.notibras.com\/site\/wp-json\/wp\/v2\/categories?post=342526"},{"taxonomy":"post_tag","embeddable":true,"href":"https:\/\/www.notibras.com\/site\/wp-json\/wp\/v2\/tags?post=342526"}],"curies":[{"name":"wp","href":"https:\/\/api.w.org\/{rel}","templated":true}]}}