{"id":342529,"date":"2024-12-06T00:32:50","date_gmt":"2024-12-06T03:32:50","guid":{"rendered":"https:\/\/www.notibras.com\/site\/?p=342529"},"modified":"2024-12-06T00:31:47","modified_gmt":"2024-12-06T03:31:47","slug":"com-bolso-apertado-e-endividado-alagoano-tera-natal-com-pouco-presente","status":"publish","type":"post","link":"https:\/\/www.notibras.com\/site\/com-bolso-apertado-e-endividado-alagoano-tera-natal-com-pouco-presente\/","title":{"rendered":"Com bolso apertado e endividado, alagoano ter\u00e1 Natal com pouco presente"},"content":{"rendered":"<p>Fim de ano no Nordeste \u00e9 tempo de prepara\u00e7\u00f5es: a ceia, os reencontros, as missas de Natal e, claro, os presentes. Mas este ano, a cena \u00e9 um pouco diferente. O bolso apertado e as contas acumuladas tornaram a tradi\u00e7\u00e3o de presentear um verdadeiro ato de equilibrismo.<\/p>\n<p>Jos\u00e9, feirante de Macei\u00f3, \u00e9 um exemplo vivo dessa realidade. &#8220;A gente quer agradar todo mundo, mas tem hora que o dinheiro n\u00e3o d\u00e1. Este ano \u00e9 presente s\u00f3 pras crian\u00e7as mesmo&#8221;, diz ele, com um sorriso meio sem gra\u00e7a enquanto organiza suas mangas no mercado. Na mesma feira, Dona Rita, que vende bordados, concorda: &#8220;Natal \u00e9 pra celebrar, n\u00e3o pra se endividar mais. Fiz umas lembrancinhas de pano mesmo, coisa simples, mas de cora\u00e7\u00e3o.&#8221;<\/p>\n<p>O esp\u00edrito natalino por aqui sempre teve muito mais a ver com o afeto do que com o valor dos presentes. Ainda assim, \u00e9 imposs\u00edvel ignorar o peso do consumo nessa \u00e9poca do ano. Shoppings cheios, promo\u00e7\u00f5es por todo lado, e as crian\u00e7as pedindo aquele brinquedo da moda, anunciado no intervalo da novela.<\/p>\n<p>Maria Clara, de 9 anos, tem pedido um &#8220;tablet&#8221; desde outubro. &#8220;Mas eu j\u00e1 expliquei a ela que n\u00e3o vai dar este ano. Quem sabe no pr\u00f3ximo&#8221;, lamenta Ana, m\u00e3e solteira que divide o tempo entre um emprego no sal\u00e3o de beleza e os bicos que consegue. &#8220;Comprei um livrinho e vou fazer um bolo bonito pra gente comemorar. Natal \u00e9 estar junto, n\u00e3o \u00e9?&#8221;<\/p>\n<p>Mesmo entre dificuldades, a criatividade e a resili\u00eancia do povo nordestino s\u00e3o marcantes. Na casa de Seu Ant\u00f4nio, que mora na regi\u00e3o metropolitana da capital alagoana, o &#8220;amigo secreto&#8221; virou &#8220;amigo da palavra&#8221;: cada participante escolhe um livro ou uma frase inspiradora pra dar ao outro. &#8220;Assim a gente troca carinho e cultura, sem pesar no bolso&#8221;, explica ele, animado com a ideia que herdou de uma amiga da igreja.<\/p>\n<p>Na noite de Natal, o que importa \u00e9 a mesa cheia de comidas simples, mas feitas com amor, e o riso solto de quem se encontra. A farofa, o peru improvisado com frango da feira, e o bolo de rolo substituem qualquer banquete. O presente mais valioso, afinal &#8211; pude observar no semblante de muita gente -, \u00e9 o afeto compartilhado e a esperan\u00e7a de dias melhores.<\/p>\n<p>E assim segue o povo nordestino, que, mesmo com o bolso apertado, encontra maneiras de transformar dificuldades em motivo de celebra\u00e7\u00e3o. Porque o Natal, por aqui, \u00e9 muito mais sobre o cora\u00e7\u00e3o do que sobre o cart\u00e3o de cr\u00e9dito. Principalmente em tempos de arrocho.<\/p>\n","protected":false},"excerpt":{"rendered":"<p>Fim de ano no Nordeste \u00e9 tempo de prepara\u00e7\u00f5es: a ceia, os reencontros, as missas de Natal e, claro, os presentes. Mas este ano, a cena \u00e9 um pouco diferente. O bolso apertado e as contas acumuladas tornaram a tradi\u00e7\u00e3o de presentear um verdadeiro ato de equilibrismo. Jos\u00e9, feirante de Macei\u00f3, \u00e9 um exemplo vivo [&hellip;]<\/p>\n","protected":false},"author":2,"featured_media":342530,"comment_status":"closed","ping_status":"closed","sticky":false,"template":"","format":"standard","meta":{"_acf_changed":false,"footnotes":""},"categories":[165],"tags":[],"class_list":["post-342529","post","type-post","status-publish","format-standard","has-post-thumbnail","hentry","category-nordeste"],"acf":[],"_links":{"self":[{"href":"https:\/\/www.notibras.com\/site\/wp-json\/wp\/v2\/posts\/342529","targetHints":{"allow":["GET"]}}],"collection":[{"href":"https:\/\/www.notibras.com\/site\/wp-json\/wp\/v2\/posts"}],"about":[{"href":"https:\/\/www.notibras.com\/site\/wp-json\/wp\/v2\/types\/post"}],"author":[{"embeddable":true,"href":"https:\/\/www.notibras.com\/site\/wp-json\/wp\/v2\/users\/2"}],"replies":[{"embeddable":true,"href":"https:\/\/www.notibras.com\/site\/wp-json\/wp\/v2\/comments?post=342529"}],"version-history":[{"count":1,"href":"https:\/\/www.notibras.com\/site\/wp-json\/wp\/v2\/posts\/342529\/revisions"}],"predecessor-version":[{"id":342531,"href":"https:\/\/www.notibras.com\/site\/wp-json\/wp\/v2\/posts\/342529\/revisions\/342531"}],"wp:featuredmedia":[{"embeddable":true,"href":"https:\/\/www.notibras.com\/site\/wp-json\/wp\/v2\/media\/342530"}],"wp:attachment":[{"href":"https:\/\/www.notibras.com\/site\/wp-json\/wp\/v2\/media?parent=342529"}],"wp:term":[{"taxonomy":"category","embeddable":true,"href":"https:\/\/www.notibras.com\/site\/wp-json\/wp\/v2\/categories?post=342529"},{"taxonomy":"post_tag","embeddable":true,"href":"https:\/\/www.notibras.com\/site\/wp-json\/wp\/v2\/tags?post=342529"}],"curies":[{"name":"wp","href":"https:\/\/api.w.org\/{rel}","templated":true}]}}