{"id":342561,"date":"2024-12-06T00:05:21","date_gmt":"2024-12-06T03:05:21","guid":{"rendered":"https:\/\/www.notibras.com\/site\/?p=342561"},"modified":"2024-12-06T02:00:18","modified_gmt":"2024-12-06T05:00:18","slug":"paulooctavio-lanca-residencial-marianne-peretti-o-mais-luxuoso-de-sua-historia","status":"publish","type":"post","link":"https:\/\/www.notibras.com\/site\/paulooctavio-lanca-residencial-marianne-peretti-o-mais-luxuoso-de-sua-historia\/","title":{"rendered":"PaulOOctavio lan\u00e7a Residencial Marianne Peretti, o mais luxuoso de sua hist\u00f3ria"},"content":{"rendered":"<p>A PaulOOctavio acaba de lan\u00e7ar no mercado imobili\u00e1rio o edif\u00edcio mais luxuoso de sua hist\u00f3ria. Erguido na SQNW 304 Bloco A, o Residencial Marianne Peretti homenageia a \u00fanica mulher a integrar o time art\u00edstico capitaneado por Oscar Niemeyer. Ela \u00e9 autora, entre outras obras, dos vitrais que embelezam espa\u00e7os como o Memorial JK, o Senado e a C\u00e2mara, o Pal\u00e1cio do Jaburu, o Teatro Nacional, o Superior Tribunal da Justi\u00e7a, o Pante\u00e3o da Liberdade e a Catedral de Bras\u00edlia.<\/p>\n<p>Isabele Peretti, filha da artista, esteve presente ao lan\u00e7amento do residencial e elogiou bastante o empreendimento. \u201cSe minha m\u00e3e estivesse viva, estaria honrada pela qualidade do pr\u00e9dio e a beleza das decora\u00e7\u00f5es e do projeto inteiro. Estou muito feliz e minha m\u00e3e tamb\u00e9m estaria muito feliz de estar aqui\u201d, afirmou.<\/p>\n<p>Para Paulo Oct\u00e1vio, o empreendimento \u00e9 muito significativo por ser o pr\u00e9dio mais luxuoso da empresa. \u201c\u00c9 o pr\u00e9dio mais importante que estamos fazendo, por isso buscamos homenagear uma grande artista que ajudou (Oscar) Niemeyer a fazer obras sensacionais. Hoje, que entrar na Catedral vai se deparar com vitrais da Marianne. O mesmo no Congresso Nacional, no Memorial JK aqui representado pela Anna Christina. A gente conseguir fazer um pr\u00e9dio muito bem feito, que vai ficar mais bonito ainda quando estiver totalmente pronto\u201d, comentou.<\/p>\n<p>O empres\u00e1rio tamb\u00e9m afirmou que o momento \u00e9 favor\u00e1vel para quem quer comprar um im\u00f3vel. \u201c\u00c9 um \u00f3timo neg\u00f3cio, que s\u00f3 vai valorizar. Conselho de amigo: compre im\u00f3veis, porque a incerteza e a inseguran\u00e7a s\u00e3o muito preocupantes. Digo pela experi\u00eancia que tenho: est\u00e1 na hora de investir em im\u00f3veis\u201d, destacou, ap\u00f3s pedir que que sua esposa Anna Christina entregasse, em nome da PaulOOctavio e da fam\u00edlia Kubitschek, o book do empreendimento a Isabele Peretti. \u201cO book feito pela Gabinete C para a PaulOOctavio ficou lindo, digno das fam\u00edlias Kubitschek e Peretti\u201d, completou, agradecendo ainda a todos os que trabalharam no projeto e est\u00e3o atuando na obra.<\/p>\n<p><strong>Diferenciais importantes<\/strong><br \/>\nAutor do projeto, o arquiteto Eduardo Estrela destacou detalhes do empreendimento. \u201cEle \u00e9 totalmente integrado com o exterior e tem 100% de ventila\u00e7\u00e3o, porque todas as janelas se recolhem. Exatamente para a gente poder ter esse contato, esse conv\u00edvio com o que as superquadras proporcionam, que \u00e9 o verde do exterior\u201d, disse.<\/p>\n<p>\u201cNo ambiente interno, temos uma luminosidade muito boa, e a gente percebe a qualidade dos espa\u00e7os. Tudo nele \u00e9 amplo. \u00c9 uma arquitetura que proporciona a qualidade de vida e o conv\u00edvio da fam\u00edlia no espa\u00e7o do im\u00f3vel. Para n\u00f3s, \u00e9 uma honra ter essa obra\u201d, completou.<\/p>\n<p>Para o diretor comercial da PaulOOctavio, Fabio Mendes, est\u00e1 sendo grandioso participar do projeto. \u201c\u00c9 totalmente diferenciado. Ele foi desenhado com muito, com muito primor e a quatro m\u00e3os, com muitos detalhes, ent\u00e3o eu vejo aqui uma obra de joalheria. Esse projeto realmente vai mudar a vida das pessoas que v\u00e3o vir morar aqui\u201d, afirmou.<\/p>\n<p>\u201cEu acredito que vai ser um sucesso. A gente j\u00e1 tem compradores e estamos preparados para atender a todos. E a gente sabe que daqui v\u00e3o sair outros projetos t\u00e3o grandiosos como esse. E o nome de Marianne Peretti, essa homenagem t\u00e3o linda, que casou muito bem com o projeto\u201d, completou.<\/p>\n<p><strong>O empreendimento<\/strong><br \/>\nUnindo bem-estar, tecnologia, seguran\u00e7a e uma vista livre de dez metros, o Residencial Marianne Peretti se destaca pela inova\u00e7\u00e3o, sustentabilidade e praticidade. S\u00e3o 20 unidades de 4 su\u00edtes, com at\u00e9 271m\u00b2, e quatro coberturas duplex at\u00e9 467m\u00b2 e 4 a 5 vagas de garagem.<\/p>\n<p>O lazer coletivo tem piscina na cobertura e sauna com mergulho, ideal para momentos de relaxamento. Localizado em \u00e1rea privilegiada, o residencial est\u00e1 com apartamentos modelo aptos para visita\u00e7\u00e3o e uma unidade decorada pela renomada arquiteta Denise Zuba. O pr\u00e9-lan\u00e7amento do residencial foi anunciado em junho, quando a PaulOOctavio informou o investimento de R$ 950 milh\u00f5es em seis obras em v\u00e1rios pontos da cidade.<\/p>\n","protected":false},"excerpt":{"rendered":"<p>A PaulOOctavio acaba de lan\u00e7ar no mercado imobili\u00e1rio o edif\u00edcio mais luxuoso de sua hist\u00f3ria. Erguido na SQNW 304 Bloco A, o Residencial Marianne Peretti homenageia a \u00fanica mulher a integrar o time art\u00edstico capitaneado por Oscar Niemeyer. Ela \u00e9 autora, entre outras obras, dos vitrais que embelezam espa\u00e7os como o Memorial JK, o Senado [&hellip;]<\/p>\n","protected":false},"author":2,"featured_media":342562,"comment_status":"closed","ping_status":"closed","sticky":false,"template":"","format":"standard","meta":{"_acf_changed":false,"footnotes":""},"categories":[161],"tags":[],"class_list":["post-342561","post","type-post","status-publish","format-standard","has-post-thumbnail","hentry","category-quadradinho-em-foco"],"acf":[],"_links":{"self":[{"href":"https:\/\/www.notibras.com\/site\/wp-json\/wp\/v2\/posts\/342561","targetHints":{"allow":["GET"]}}],"collection":[{"href":"https:\/\/www.notibras.com\/site\/wp-json\/wp\/v2\/posts"}],"about":[{"href":"https:\/\/www.notibras.com\/site\/wp-json\/wp\/v2\/types\/post"}],"author":[{"embeddable":true,"href":"https:\/\/www.notibras.com\/site\/wp-json\/wp\/v2\/users\/2"}],"replies":[{"embeddable":true,"href":"https:\/\/www.notibras.com\/site\/wp-json\/wp\/v2\/comments?post=342561"}],"version-history":[{"count":1,"href":"https:\/\/www.notibras.com\/site\/wp-json\/wp\/v2\/posts\/342561\/revisions"}],"predecessor-version":[{"id":342563,"href":"https:\/\/www.notibras.com\/site\/wp-json\/wp\/v2\/posts\/342561\/revisions\/342563"}],"wp:featuredmedia":[{"embeddable":true,"href":"https:\/\/www.notibras.com\/site\/wp-json\/wp\/v2\/media\/342562"}],"wp:attachment":[{"href":"https:\/\/www.notibras.com\/site\/wp-json\/wp\/v2\/media?parent=342561"}],"wp:term":[{"taxonomy":"category","embeddable":true,"href":"https:\/\/www.notibras.com\/site\/wp-json\/wp\/v2\/categories?post=342561"},{"taxonomy":"post_tag","embeddable":true,"href":"https:\/\/www.notibras.com\/site\/wp-json\/wp\/v2\/tags?post=342561"}],"curies":[{"name":"wp","href":"https:\/\/api.w.org\/{rel}","templated":true}]}}