{"id":342569,"date":"2024-12-06T00:00:14","date_gmt":"2024-12-06T03:00:14","guid":{"rendered":"https:\/\/www.notibras.com\/site\/?p=342569"},"modified":"2024-12-06T02:31:08","modified_gmt":"2024-12-06T05:31:08","slug":"aprovado-plano-para-fortalecer-seguranca-alimentar-e-nutricional","status":"publish","type":"post","link":"https:\/\/www.notibras.com\/site\/aprovado-plano-para-fortalecer-seguranca-alimentar-e-nutricional\/","title":{"rendered":"Aprovado plano para fortalecer seguran\u00e7a alimentar e nutricional"},"content":{"rendered":"<p>A C\u00e2mara Intersetorial de Seguran\u00e7a Alimentar e Nutricional (Caisan-DF) aprovou, nesta quinta-feira (5), o IV Plano Distrital de Seguran\u00e7a Alimentar e Nutricional (Pdsan), que vai nortear as a\u00e7\u00f5es da \u00e1rea at\u00e9 dezembro de 2027. O objetivo desse plano intersetorial \u00e9 fortalecer a pol\u00edtica e as medidas de combate \u00e0 inseguran\u00e7a alimentar no DF.<\/p>\n<p>Sob a coordena\u00e7\u00e3o da Secretaria de Desenvolvimento Social (Sedes), a Caisan \u00e9 formada por representantes das 12 secretarias e entidades da administra\u00e7\u00e3o p\u00fablica do setor. Com a aprova\u00e7\u00e3o do IV Pdsan, todas as pastas integrantes ter\u00e3o metas a cumprir e a\u00e7\u00f5es a implementar nos pr\u00f3ximos tr\u00eas anos.<\/p>\n<p>\u201cO combate \u00e0 fome \u00e9 uma quest\u00e3o mais ampla, intersetorial, que \u00e9 combatida por este governo com a\u00e7\u00f5es que envolvem v\u00e1rias secretarias para al\u00e9m da Sedes, com pol\u00edticas p\u00fablicas como reaquecimento da economia, capacita\u00e7\u00e3o da popula\u00e7\u00e3o, gera\u00e7\u00e3o de empregos, pre\u00e7o da cesta b\u00e1sica, merenda escolar de qualidade, entre outros\u201d, explica a presidente da Caisan-DF e secret\u00e1ria de Desenvolvimento Social, Ana Paula Marra.<\/p>\n<p>O IV Pdsan cont\u00e9m oito desafios e 89 metas. Foram firmados pactos amplos para a realiza\u00e7\u00e3o progressiva do direito humano a uma alimenta\u00e7\u00e3o adequada, como: integra\u00e7\u00e3o de fluxos dos Sistemas \u00danico de Sa\u00fade (SUS) e de Assist\u00eancia Social (Suas) e Sistema Nacional de Seguran\u00e7a Alimentar e Nutricional (Sisan) para atender pessoas em vulnerabilidade; elabora\u00e7\u00e3o da Pol\u00edtica Distrital de Abastecimento Alimentar; e de uma linha de cuidado da crian\u00e7a e do adolescente com sobrepeso e obesidade; al\u00e9m da amplia\u00e7\u00e3o de programa de transfer\u00eancia de renda; e de a\u00e7\u00f5es de prote\u00e7\u00e3o de recursos h\u00eddricos e gest\u00e3o de res\u00edduos s\u00f3lidos.<\/p>\n<p>\u201cTemos neste IV Pdsan a\u00e7\u00f5es que foram propostas na \u00faltima Confer\u00eancia Distrital de Seguran\u00e7a Alimentar e Nutricional, com a participa\u00e7\u00e3o da sociedade civil; metas sugeridas pelas secretarias ap\u00f3s diagn\u00f3stico da situa\u00e7\u00e3o no DF, al\u00e9m de a\u00e7\u00f5es que ficaram pendentes no III Pdsan. Lembrando que h\u00e1 uma revis\u00e3o das metas a cada dois anos, para que a estrat\u00e9gia seja adequada \u00e0 realidade\u201d, destaca a secretaria-executiva da Caisan-DF, Lidiane Pires. \u201cA reuni\u00e3o do pleno secretarial desta quinta foi um ato de valida\u00e7\u00e3o do IV Pdsan, que j\u00e1 foi submetido anteriormente \u00e0 consulta p\u00fablica e \u00e0 avalia\u00e7\u00e3o do Conselho de Seguran\u00e7a Alimentar e Nutricional do Distrito Federal (Consea-DF), com aval da sociedade civil\u201d, complementa.<\/p>\n<p><strong>Plano<\/strong><br \/>\n\u200cO Pdsan \u00e9 o principal instrumento de planejamento, gest\u00e3o e execu\u00e7\u00e3o das a\u00e7\u00f5es de seguran\u00e7a alimentar e nutricional no Distrito Federal. Funciona como uma esp\u00e9cie de b\u00fassola para orientar todas as a\u00e7\u00f5es do Sistema de Seguran\u00e7a Alimentar e Nutricional (Sisan), estabelecendo metas e direcionando esfor\u00e7os para garantir acesso regular e permanente a alimentos em quantidade e qualidade adequadas, de forma sustent\u00e1vel, respeitando a diversidade cultural e promovendo pr\u00e1ticas alimentares que melhoram a sa\u00fade.<\/p>\n<p>O plano reflete as prioridades estrat\u00e9gicas de cada \u00f3rg\u00e3o envolvido na tem\u00e1tica de Seguran\u00e7a Alimentar e Nutricional e as demandas da sociedade civil debatidas na VI Confer\u00eancia Distrital de Seguran\u00e7a Alimentar e Nutricional, realizada no ano passado.<\/p>\n<p>A Caisan-DF \u00e9 composta pelas secretarias respons\u00e1veis pelas \u00e1reas de Seguran\u00e7a Alimentar e Nutricional; Agricultura, Abastecimento e Assist\u00eancia T\u00e9cnica e Extens\u00e3o Rural; Sa\u00fade; Educa\u00e7\u00e3o; Meio Ambiente e Recursos H\u00eddricos; Direitos Humanos; Igualdade Racial; Planejamento e Or\u00e7amento; Rela\u00e7\u00f5es Governamentais e com Movimentos Sociais; Assist\u00eancia Social; Desenvolvimento Econ\u00f4mico e Sustent\u00e1vel; Assuntos Fundi\u00e1rios. A Caisan-DF \u00e9 presidida pelo titular do \u00f3rg\u00e3o do Governo do Distrito Federal (GDF) respons\u00e1vel pela Pol\u00edtica de Seguran\u00e7a Alimentar e Nutricional.<\/p>\n","protected":false},"excerpt":{"rendered":"<p>A C\u00e2mara Intersetorial de Seguran\u00e7a Alimentar e Nutricional (Caisan-DF) aprovou, nesta quinta-feira (5), o IV Plano Distrital de Seguran\u00e7a Alimentar e Nutricional (Pdsan), que vai nortear as a\u00e7\u00f5es da \u00e1rea at\u00e9 dezembro de 2027. O objetivo desse plano intersetorial \u00e9 fortalecer a pol\u00edtica e as medidas de combate \u00e0 inseguran\u00e7a alimentar no DF. Sob a [&hellip;]<\/p>\n","protected":false},"author":2,"featured_media":342570,"comment_status":"closed","ping_status":"closed","sticky":false,"template":"","format":"standard","meta":{"_acf_changed":false,"footnotes":""},"categories":[161],"tags":[],"class_list":["post-342569","post","type-post","status-publish","format-standard","has-post-thumbnail","hentry","category-quadradinho-em-foco"],"acf":[],"_links":{"self":[{"href":"https:\/\/www.notibras.com\/site\/wp-json\/wp\/v2\/posts\/342569","targetHints":{"allow":["GET"]}}],"collection":[{"href":"https:\/\/www.notibras.com\/site\/wp-json\/wp\/v2\/posts"}],"about":[{"href":"https:\/\/www.notibras.com\/site\/wp-json\/wp\/v2\/types\/post"}],"author":[{"embeddable":true,"href":"https:\/\/www.notibras.com\/site\/wp-json\/wp\/v2\/users\/2"}],"replies":[{"embeddable":true,"href":"https:\/\/www.notibras.com\/site\/wp-json\/wp\/v2\/comments?post=342569"}],"version-history":[{"count":1,"href":"https:\/\/www.notibras.com\/site\/wp-json\/wp\/v2\/posts\/342569\/revisions"}],"predecessor-version":[{"id":342571,"href":"https:\/\/www.notibras.com\/site\/wp-json\/wp\/v2\/posts\/342569\/revisions\/342571"}],"wp:featuredmedia":[{"embeddable":true,"href":"https:\/\/www.notibras.com\/site\/wp-json\/wp\/v2\/media\/342570"}],"wp:attachment":[{"href":"https:\/\/www.notibras.com\/site\/wp-json\/wp\/v2\/media?parent=342569"}],"wp:term":[{"taxonomy":"category","embeddable":true,"href":"https:\/\/www.notibras.com\/site\/wp-json\/wp\/v2\/categories?post=342569"},{"taxonomy":"post_tag","embeddable":true,"href":"https:\/\/www.notibras.com\/site\/wp-json\/wp\/v2\/tags?post=342569"}],"curies":[{"name":"wp","href":"https:\/\/api.w.org\/{rel}","templated":true}]}}