{"id":342572,"date":"2024-12-06T00:00:35","date_gmt":"2024-12-06T03:00:35","guid":{"rendered":"https:\/\/www.notibras.com\/site\/?p=342572"},"modified":"2024-12-06T02:35:59","modified_gmt":"2024-12-06T05:35:59","slug":"praca-tie-tera-novo-playground-e-mais-acessibilidade","status":"publish","type":"post","link":"https:\/\/www.notibras.com\/site\/praca-tie-tera-novo-playground-e-mais-acessibilidade\/","title":{"rendered":"Pra\u00e7a Ti\u00ea ter\u00e1 novo playground e mais acessibilidade"},"content":{"rendered":"<p>A extens\u00e3o da pra\u00e7a Ti\u00ea na quadra 101 de \u00c1guas Claras, popularmente chamada de Pra\u00e7a dos Food Trucks, ser\u00e1 reformada. O espa\u00e7o ter\u00e1 um novo playground e mais acessibilidade, com a cria\u00e7\u00e3o de passeios para pedestres, rampa, um Ponto de Encontro Comunit\u00e1rio (PEC), mobili\u00e1rios urbanos como bancos, paraciclos, lixeiras e mais postes de ilumina\u00e7\u00e3o.<\/p>\n<p>A requalifica\u00e7\u00e3o do espa\u00e7o \u00e9 prevista no projeto de paisagismo para urbaniza\u00e7\u00e3o aprovado pela Portaria n\u00b0 132. A norma foi publicada pela Secretaria de Desenvolvimento Urbano e Habita\u00e7\u00e3o (Seduh) no Di\u00e1rio Oficial do Distrito Federal (DODF) desta quinta-feira (5).<\/p>\n<p>A iniciativa faz parte de uma medida mitigadora e compensat\u00f3ria de impactos causados por empreendimento na regi\u00e3o. O empreendedor ser\u00e1 respons\u00e1vel pelas obras no local e manter\u00e1 a revitaliza\u00e7\u00e3o por tr\u00eas anos, mediante inscri\u00e7\u00e3o no Programa Adote uma Pra\u00e7a.<\/p>\n<p>Embora o espa\u00e7o j\u00e1 possua um parque infantil com caixa de areia, o novo playground ser\u00e1 implantado conforme as legisla\u00e7\u00f5es mais atuais. Ter\u00e1 balan\u00e7os, gangorras, gira-gira, ponto de equil\u00edbrio e espa\u00e7o multi-infantil para explorar a criatividade e o desenvolvimento motor da crian\u00e7ada. O playground ser\u00e1 constru\u00eddo com piso de borracha para garantir a prote\u00e7\u00e3o contra impactos.<\/p>\n<p>Pelo projeto, tamb\u00e9m haver\u00e1 cria\u00e7\u00e3o de \u00e1reas designadas para a parada dos food trucks e para a perman\u00eancia dos clientes, incluindo instala\u00e7\u00e3o de piso para mesas e cadeiras, uma rampa para acesso dos food trucks, e \u00e1rea para banheiros qu\u00edmicos. Ser\u00e3o constru\u00eddos ainda novos trechos de cal\u00e7adas para organizar a estrutura visual e garantir a seguran\u00e7a dos transeuntes, com superf\u00edcies regulares, firmes, sem degraus e piso antiderrapante.<\/p>\n<p>Quanto ao mobili\u00e1rio urbano, al\u00e9m dos bancos, mesas de xadrez, lixeiras e paraciclos, s\u00e3o previstos totens porta-sacos, feitos de a\u00e7o e fixados em suporte met\u00e1lico pr\u00f3prio. Eles dever\u00e3o conter distribuidor de sacos biodegrad\u00e1veis e lixeira para coleta de dejetos dos animais, seguindo o modelo encontrado em outras \u00e1reas p\u00fablicas de \u00c1guas Claras.<\/p>\n<p>A princ\u00edpio, o projeto sugere ainda a substitui\u00e7\u00e3o das l\u00e2mpadas atuais por ilumina\u00e7\u00e3o de LED. Tamb\u00e9m prop\u00f5e a implanta\u00e7\u00e3o de mais um poste de ilumina\u00e7\u00e3o padr\u00e3o e outros com 2,5m de altura. Todos os equipamentos devem estar em conformidade com as normas estabelecidas pela concession\u00e1ria de energia e ilumina\u00e7\u00e3o p\u00fablica.<\/p>\n<p>Segundo o administrador regional de \u00c1guas Claras, M\u00e1rio Furtado, os moradores t\u00eam um carinho grande pelas pra\u00e7as da regi\u00e3o, que s\u00e3o considerados ponto de encontro e lazer. \u201cRevitalizar esses espa\u00e7os \u00e9 dar mais qualidade de vida para a popula\u00e7\u00e3o\u201d, afirmou.<\/p>\n<p><strong>Pr\u00f3ximos passos<\/strong><br \/>\nAp\u00f3s a publica\u00e7\u00e3o no DODF, o projeto passar\u00e1 por tr\u00e2mite interno na Seduh. Depois, a iniciativa ser\u00e1 apresentada pela empresa em uma exposi\u00e7\u00e3o p\u00fablica na pr\u00f3pria regi\u00e3o administrativa, permitindo a popula\u00e7\u00e3o de \u00c1guas Claras compreender melhor o que ser\u00e1 implantado como medida de mitiga\u00e7\u00e3o. Ap\u00f3s a exposi\u00e7\u00e3o p\u00fablica, o interessado dever\u00e1 solicitar \u00e0 Seduh a Licen\u00e7a de Obra de Urbanismo em \u00c1rea P\u00fablica.<\/p>\n","protected":false},"excerpt":{"rendered":"<p>A extens\u00e3o da pra\u00e7a Ti\u00ea na quadra 101 de \u00c1guas Claras, popularmente chamada de Pra\u00e7a dos Food Trucks, ser\u00e1 reformada. O espa\u00e7o ter\u00e1 um novo playground e mais acessibilidade, com a cria\u00e7\u00e3o de passeios para pedestres, rampa, um Ponto de Encontro Comunit\u00e1rio (PEC), mobili\u00e1rios urbanos como bancos, paraciclos, lixeiras e mais postes de ilumina\u00e7\u00e3o. A [&hellip;]<\/p>\n","protected":false},"author":2,"featured_media":342573,"comment_status":"closed","ping_status":"closed","sticky":false,"template":"","format":"standard","meta":{"_acf_changed":false,"footnotes":""},"categories":[161],"tags":[],"class_list":["post-342572","post","type-post","status-publish","format-standard","has-post-thumbnail","hentry","category-quadradinho-em-foco"],"acf":[],"_links":{"self":[{"href":"https:\/\/www.notibras.com\/site\/wp-json\/wp\/v2\/posts\/342572","targetHints":{"allow":["GET"]}}],"collection":[{"href":"https:\/\/www.notibras.com\/site\/wp-json\/wp\/v2\/posts"}],"about":[{"href":"https:\/\/www.notibras.com\/site\/wp-json\/wp\/v2\/types\/post"}],"author":[{"embeddable":true,"href":"https:\/\/www.notibras.com\/site\/wp-json\/wp\/v2\/users\/2"}],"replies":[{"embeddable":true,"href":"https:\/\/www.notibras.com\/site\/wp-json\/wp\/v2\/comments?post=342572"}],"version-history":[{"count":1,"href":"https:\/\/www.notibras.com\/site\/wp-json\/wp\/v2\/posts\/342572\/revisions"}],"predecessor-version":[{"id":342574,"href":"https:\/\/www.notibras.com\/site\/wp-json\/wp\/v2\/posts\/342572\/revisions\/342574"}],"wp:featuredmedia":[{"embeddable":true,"href":"https:\/\/www.notibras.com\/site\/wp-json\/wp\/v2\/media\/342573"}],"wp:attachment":[{"href":"https:\/\/www.notibras.com\/site\/wp-json\/wp\/v2\/media?parent=342572"}],"wp:term":[{"taxonomy":"category","embeddable":true,"href":"https:\/\/www.notibras.com\/site\/wp-json\/wp\/v2\/categories?post=342572"},{"taxonomy":"post_tag","embeddable":true,"href":"https:\/\/www.notibras.com\/site\/wp-json\/wp\/v2\/tags?post=342572"}],"curies":[{"name":"wp","href":"https:\/\/api.w.org\/{rel}","templated":true}]}}