{"id":342575,"date":"2024-12-06T00:00:49","date_gmt":"2024-12-06T03:00:49","guid":{"rendered":"https:\/\/www.notibras.com\/site\/?p=342575"},"modified":"2024-12-06T02:41:17","modified_gmt":"2024-12-06T05:41:17","slug":"projeto-diverte-e-ensina-alunos-de-escola-classe-sobre-preservacao-ambiental","status":"publish","type":"post","link":"https:\/\/www.notibras.com\/site\/projeto-diverte-e-ensina-alunos-de-escola-classe-sobre-preservacao-ambiental\/","title":{"rendered":"Projeto diverte e ensina alunos de escola classe sobre preserva\u00e7\u00e3o ambiental"},"content":{"rendered":"<p>Com \u00e1rvores nativas, flores e muita terra nas m\u00e3os, o Cerrado esst\u00e1 ganhando novos defensores. Cerca de 100 crian\u00e7as da Escola Classe C\u00f3rrego do Meio, em Planaltina, participaram de uma manh\u00e3 cheia de aprendizado e divers\u00e3o no Quintal Produtivo Agroecol\u00f3gico, projeto do Instituto Federal de Bras\u00edlia (IFB). Entre brincadeiras e atividades pr\u00e1ticas, os pequenos se conectaram ao bioma que \u00e9 sua casa, descobrindo a import\u00e2ncia de cuidar do meio ambiente e de adotar pr\u00e1ticas agroecol\u00f3gicas.<\/p>\n<p>O projeto, desenvolvido por estudantes e professores do curso de Agroecologia com apoio da Finatec e recursos de emenda parlamentar da deputada federal \u00c9rika Kokay, integra o VI AgricerradoS \u2014 Semana Agr\u00edcola do Cerrado para a Sociedade Sustent\u00e1vel. Durante a visita, as crian\u00e7as aprenderam a identificar \u00e1rvores do Cerrado que comp\u00f5em o Sistema Agroflorestal, plantaram e semearam flores, instalaram chap\u00e9us-chin\u00eas para proteger as plantas das formigas cortadeiras e participaram de jogos educativos, como a Trilha do Quintal Produtivo Agroecol\u00f3gico.<\/p>\n<p>Al\u00e9m das atividades pr\u00e1ticas, a presen\u00e7a da palha\u00e7a Cocada trouxe ainda mais leveza \u00e0 manh\u00e3. Com seu jeito descontra\u00eddo, ela encantou os pequenos enquanto refor\u00e7ava as li\u00e7\u00f5es sobre a import\u00e2ncia de preservar o meio ambiente. Ao final, as crian\u00e7as foram recebidas no pr\u00e9dio da Agroecologia para um lanche especial, encerrando a experi\u00eancia de forma marcante.<\/p>\n<p>Para o professor Paulo Guilherme, coordenador do projeto, a a\u00e7\u00e3o transcende o aprendizado t\u00e9cnico. \u201c\u00c9 muito renovador para n\u00f3s, servidores do IFB, realizar atividades com crian\u00e7as do meio rural. Isso fortalece nossas esperan\u00e7as em um mundo mais justo e sustent\u00e1vel\u201d, afirmou.<\/p>\n<p>Encerrado nesta quinta-feira (5), no IFB Campus Planaltina, o AgricerradoS ofereceu uma programa\u00e7\u00e3o gratuita e variada com palestras, oficinas, minicursos, exposi\u00e7\u00f5es, dias de campo e feiras. A iniciativa teve o objetivo de convidar a sociedade a se reconectar ao Cerrado e explorar pr\u00e1ticas que integram sustentabilidade e desenvolvimento.<\/p>\n","protected":false},"excerpt":{"rendered":"<p>Com \u00e1rvores nativas, flores e muita terra nas m\u00e3os, o Cerrado esst\u00e1 ganhando novos defensores. Cerca de 100 crian\u00e7as da Escola Classe C\u00f3rrego do Meio, em Planaltina, participaram de uma manh\u00e3 cheia de aprendizado e divers\u00e3o no Quintal Produtivo Agroecol\u00f3gico, projeto do Instituto Federal de Bras\u00edlia (IFB). Entre brincadeiras e atividades pr\u00e1ticas, os pequenos se [&hellip;]<\/p>\n","protected":false},"author":2,"featured_media":342576,"comment_status":"closed","ping_status":"closed","sticky":false,"template":"","format":"standard","meta":{"_acf_changed":false,"footnotes":""},"categories":[161],"tags":[],"class_list":["post-342575","post","type-post","status-publish","format-standard","has-post-thumbnail","hentry","category-quadradinho-em-foco"],"acf":[],"_links":{"self":[{"href":"https:\/\/www.notibras.com\/site\/wp-json\/wp\/v2\/posts\/342575","targetHints":{"allow":["GET"]}}],"collection":[{"href":"https:\/\/www.notibras.com\/site\/wp-json\/wp\/v2\/posts"}],"about":[{"href":"https:\/\/www.notibras.com\/site\/wp-json\/wp\/v2\/types\/post"}],"author":[{"embeddable":true,"href":"https:\/\/www.notibras.com\/site\/wp-json\/wp\/v2\/users\/2"}],"replies":[{"embeddable":true,"href":"https:\/\/www.notibras.com\/site\/wp-json\/wp\/v2\/comments?post=342575"}],"version-history":[{"count":1,"href":"https:\/\/www.notibras.com\/site\/wp-json\/wp\/v2\/posts\/342575\/revisions"}],"predecessor-version":[{"id":342577,"href":"https:\/\/www.notibras.com\/site\/wp-json\/wp\/v2\/posts\/342575\/revisions\/342577"}],"wp:featuredmedia":[{"embeddable":true,"href":"https:\/\/www.notibras.com\/site\/wp-json\/wp\/v2\/media\/342576"}],"wp:attachment":[{"href":"https:\/\/www.notibras.com\/site\/wp-json\/wp\/v2\/media?parent=342575"}],"wp:term":[{"taxonomy":"category","embeddable":true,"href":"https:\/\/www.notibras.com\/site\/wp-json\/wp\/v2\/categories?post=342575"},{"taxonomy":"post_tag","embeddable":true,"href":"https:\/\/www.notibras.com\/site\/wp-json\/wp\/v2\/tags?post=342575"}],"curies":[{"name":"wp","href":"https:\/\/api.w.org\/{rel}","templated":true}]}}