{"id":342635,"date":"2024-12-06T16:40:31","date_gmt":"2024-12-06T19:40:31","guid":{"rendered":"https:\/\/www.notibras.com\/site\/?p=342635"},"modified":"2024-12-06T18:43:31","modified_gmt":"2024-12-06T21:43:31","slug":"niquelandia-vira-celeiro-para-producao-agricola-do-entorno-de-brasilia","status":"publish","type":"post","link":"https:\/\/www.notibras.com\/site\/niquelandia-vira-celeiro-para-producao-agricola-do-entorno-de-brasilia\/","title":{"rendered":"Niquel\u00e2ndia vira celeiro para produ\u00e7\u00e3o agr\u00edcola do Entorno de Bras\u00edlia"},"content":{"rendered":"<p>Niquel\u00e2ndia, no vizinho estado de Goi\u00e1s, serviu de palco nesta sexta, 6, para a assinatura de um Acordo de Coopera\u00e7\u00e3o T\u00e9cnica para o desenvolvimento de projetos de fruticultura irrigada.<\/p>\n<p>A a\u00e7\u00e3o da Rota das Frutas RIDE-DF \u00e9 mais um degrau no processo de consolida\u00e7\u00e3o do mais novo polo de frutas do Brasil, no Distrito Federal e Entorno, uma regi\u00e3o que ocupa 29 munic\u00edpios de Goi\u00e1s e 4 de Minas Gerias, do tamanho do estado de Pernambuco.<\/p>\n<p>Os trabalhos incluem entrega de mudas certificadas, assist\u00eancia t\u00e9cnica, utiliza\u00e7\u00e3o de energias renov\u00e1veis, e prev\u00ea um aumento de empregos diretos e indiretos, em atividades relacionadas \u00e0 produ\u00e7\u00e3o, log\u00edstica e comercializa\u00e7\u00e3o de frutas como o a\u00e7a\u00ed Pai d\u2019\u00c9gua, mirtilo e muitas outras.<\/p>\n<p>O projeto injeta neste momento de partida R$ 2,7 milh\u00f5es e tem planos para expandir ainda mais, dando oportunidade de crescimento ao pequeno agricultor da regi\u00e3o.<\/p>\n<p>O Acordo foi firmado entre a empresa de minera\u00e7\u00e3o Anglo American, Technoserve, Codevasf e Minist\u00e9rio da Integra\u00e7\u00e3o e Desenvolvimento Regional, expandindo suas atividades por Goian\u00e9sia e Barro Alto.<\/p>\n<p><strong>Servi\u00e7o<\/strong><br \/>\n<a href=\"http:\/\/www.rotadfruticulturaridedf.com.br\">www.rotadfruticulturaridedf.com.br<\/a><br \/>\n@rotafruticulturaridedf<\/p>\n","protected":false},"excerpt":{"rendered":"<p>Niquel\u00e2ndia, no vizinho estado de Goi\u00e1s, serviu de palco nesta sexta, 6, para a assinatura de um Acordo de Coopera\u00e7\u00e3o T\u00e9cnica para o desenvolvimento de projetos de fruticultura irrigada. A a\u00e7\u00e3o da Rota das Frutas RIDE-DF \u00e9 mais um degrau no processo de consolida\u00e7\u00e3o do mais novo polo de frutas do Brasil, no Distrito Federal [&hellip;]<\/p>\n","protected":false},"author":2,"featured_media":342636,"comment_status":"closed","ping_status":"closed","sticky":false,"template":"","format":"standard","meta":{"_acf_changed":false,"footnotes":""},"categories":[161],"tags":[],"class_list":["post-342635","post","type-post","status-publish","format-standard","has-post-thumbnail","hentry","category-quadradinho-em-foco"],"acf":[],"_links":{"self":[{"href":"https:\/\/www.notibras.com\/site\/wp-json\/wp\/v2\/posts\/342635","targetHints":{"allow":["GET"]}}],"collection":[{"href":"https:\/\/www.notibras.com\/site\/wp-json\/wp\/v2\/posts"}],"about":[{"href":"https:\/\/www.notibras.com\/site\/wp-json\/wp\/v2\/types\/post"}],"author":[{"embeddable":true,"href":"https:\/\/www.notibras.com\/site\/wp-json\/wp\/v2\/users\/2"}],"replies":[{"embeddable":true,"href":"https:\/\/www.notibras.com\/site\/wp-json\/wp\/v2\/comments?post=342635"}],"version-history":[{"count":1,"href":"https:\/\/www.notibras.com\/site\/wp-json\/wp\/v2\/posts\/342635\/revisions"}],"predecessor-version":[{"id":342637,"href":"https:\/\/www.notibras.com\/site\/wp-json\/wp\/v2\/posts\/342635\/revisions\/342637"}],"wp:featuredmedia":[{"embeddable":true,"href":"https:\/\/www.notibras.com\/site\/wp-json\/wp\/v2\/media\/342636"}],"wp:attachment":[{"href":"https:\/\/www.notibras.com\/site\/wp-json\/wp\/v2\/media?parent=342635"}],"wp:term":[{"taxonomy":"category","embeddable":true,"href":"https:\/\/www.notibras.com\/site\/wp-json\/wp\/v2\/categories?post=342635"},{"taxonomy":"post_tag","embeddable":true,"href":"https:\/\/www.notibras.com\/site\/wp-json\/wp\/v2\/tags?post=342635"}],"curies":[{"name":"wp","href":"https:\/\/api.w.org\/{rel}","templated":true}]}}