{"id":342642,"date":"2024-12-07T07:54:36","date_gmt":"2024-12-07T10:54:36","guid":{"rendered":"https:\/\/www.notibras.com\/site\/?p=342642"},"modified":"2024-12-07T07:54:36","modified_gmt":"2024-12-07T10:54:36","slug":"disputa-pelo-governo-de-pernambuco-sobe-escada-do-morro-da-conceicao","status":"publish","type":"post","link":"https:\/\/www.notibras.com\/site\/disputa-pelo-governo-de-pernambuco-sobe-escada-do-morro-da-conceicao\/","title":{"rendered":"Disputa pelo governo de Pernambuco sobe escada do Morro da Concei\u00e7\u00e3o"},"content":{"rendered":"<p>No dia 30 de agosto, o teto do santu\u00e1rio do Morro da Concei\u00e7\u00e3o, na zona norte do Recife, desabou deixando um rastro de tr\u00eas mortos e 25 feridos. Com o desabamento, a festa da Imaculada Concei\u00e7\u00e3o, o maior evento religioso de Pernambuco, que se realizaria na primeira semana de dezembro, estava com o seu centen\u00e1rio acontecimento amea\u00e7ado.<\/p>\n<p>Para evitar que isso ocorresse, e garantir uma vitrine que lhe desse visibilidade de cerca de um milh\u00e3o de pessoas que sobem ao morro durante as festividades da Imaculada, a governadora Raquel Lyra (PSDB) agiu r\u00e1pido e foi buscar nos cofres do estado os recursos necess\u00e1rios para a Arquidiocese de Olinda e Recife garantir em tempo h\u00e1bil a realiza\u00e7\u00e3o da festa.<\/p>\n<p>Com esse gesto, Raquel Lyra, que \u00e9 de Caruaru, cidade do agreste distante 135 quil\u00f4metros do Recife, marcou um verdadeiro gol de placa sobe o prefeito da capital, Jo\u00e3o Campos (PSB) que comeu mosca na hora de colaborar com a reconstru\u00e7\u00e3o do teto do santu\u00e1rio, localizado na regi\u00e3o da cidade onde ele mais investe em publicidade para divulgar suas obras.<\/p>\n<p>No dia 26 de novembro, a governadora subiu o morro para entregar o novo teto do santu\u00e1rio, ao custo de R$ 1,5 milh\u00e3o para os cofres p\u00fablicos. Logo em seguida, o prefeito, que s\u00f3 subiria o morro dois dias depois, foi ao Pal\u00e1cio dos Manguinhos, sede da Arquidiocese, dizer ao arcebispo Dom Paulo Jackson que investiria R$ 400 mil na festa, em atra\u00e7\u00f5es culturais.<\/p>\n<p>\u00c9 nesse clima de disputa pol\u00edtica com recursos p\u00fablicos, para uma elei\u00e7\u00e3o que ser\u00e1 realizada somente daqui a dois anos, que se realiza at\u00e9 este domingo (8), dia consagrado \u00e0 Imaculada, a 120\u00ba Festa do Morro de Nossa Senhora da Concei\u00e7\u00e3o. Desde j\u00e1, Raquel Lyra, que buscar\u00e1 a reelei\u00e7\u00e3o, e Jo\u00e3o Campos, que vai tentar tomar sua cadeira, disputam os votos dos fi\u00e9is.<\/p>\n<p>\u201cObrigado minha governadora. O Santu\u00e1rio de Nossa Senhora da Concei\u00e7\u00e3o ficou Novinho\u201d, diz uma das faixas colocadas no muro de uma casa na subida do morro. \u201cObrigado prefeito Jo\u00e3o Campos. Com voc\u00ea o morro ser\u00e1 sempre mais forte\u201d, diz outra, colocada no outro lado da rua.<\/p>\n<p>\u201cGovernadora Raquel Lyra, obrigada pela reconstru\u00e7\u00e3o do Santu\u00e1rio de Nossa Senhora da Concei\u00e7\u00e3o. O Morro agradece pela reconstru\u00e7\u00e3o do Santu\u00e1rio\u201d, registra uma faixa larga, com a fotografia da governadora, buscando perenizar a obra de Raquel Lyra ao devolver o teto do santu\u00e1rio e permitir a realiza\u00e7\u00e3o da festa.<\/p>\n<p>O prefeito, ou seus apoiadores, n\u00e3o deixaram por menos: \u201cO Morro sabe quem trabalha com f\u00e9 no futuro. Obrigado, Jo\u00e3o Campos\u201d, diz uma faixa buscando rivalizar as obras de encostas e escadarias que a Prefeitura do Recife realiza nos morros da zona norte com a obra de reconstru\u00e7\u00e3o do teto do santu\u00e1rio que foi para a conta do Governo do Estado.<\/p>\n<p>Cat\u00f3licos, tanto a governadora quanto o prefeito tem o h\u00e1bito de rezar no Santu\u00e1rio da Imaculada Nossa Senhora da Concei\u00e7\u00e3o, especialmente em momentos festivos, quando t\u00eam grande visibilidade junto aos fi\u00e9is, e porque n\u00e3o dizer potenciais eleitores &#8211; pois n\u00e3o se resumem aos moradores do morro, mas procedem de praticamente todo o estado.<\/p>\n","protected":false},"excerpt":{"rendered":"<p>No dia 30 de agosto, o teto do santu\u00e1rio do Morro da Concei\u00e7\u00e3o, na zona norte do Recife, desabou deixando um rastro de tr\u00eas mortos e 25 feridos. Com o desabamento, a festa da Imaculada Concei\u00e7\u00e3o, o maior evento religioso de Pernambuco, que se realizaria na primeira semana de dezembro, estava com o seu centen\u00e1rio [&hellip;]<\/p>\n","protected":false},"author":2,"featured_media":342643,"comment_status":"closed","ping_status":"closed","sticky":false,"template":"","format":"standard","meta":{"_acf_changed":false,"footnotes":""},"categories":[165],"tags":[],"class_list":["post-342642","post","type-post","status-publish","format-standard","has-post-thumbnail","hentry","category-nordeste"],"acf":[],"_links":{"self":[{"href":"https:\/\/www.notibras.com\/site\/wp-json\/wp\/v2\/posts\/342642","targetHints":{"allow":["GET"]}}],"collection":[{"href":"https:\/\/www.notibras.com\/site\/wp-json\/wp\/v2\/posts"}],"about":[{"href":"https:\/\/www.notibras.com\/site\/wp-json\/wp\/v2\/types\/post"}],"author":[{"embeddable":true,"href":"https:\/\/www.notibras.com\/site\/wp-json\/wp\/v2\/users\/2"}],"replies":[{"embeddable":true,"href":"https:\/\/www.notibras.com\/site\/wp-json\/wp\/v2\/comments?post=342642"}],"version-history":[{"count":1,"href":"https:\/\/www.notibras.com\/site\/wp-json\/wp\/v2\/posts\/342642\/revisions"}],"predecessor-version":[{"id":342644,"href":"https:\/\/www.notibras.com\/site\/wp-json\/wp\/v2\/posts\/342642\/revisions\/342644"}],"wp:featuredmedia":[{"embeddable":true,"href":"https:\/\/www.notibras.com\/site\/wp-json\/wp\/v2\/media\/342643"}],"wp:attachment":[{"href":"https:\/\/www.notibras.com\/site\/wp-json\/wp\/v2\/media?parent=342642"}],"wp:term":[{"taxonomy":"category","embeddable":true,"href":"https:\/\/www.notibras.com\/site\/wp-json\/wp\/v2\/categories?post=342642"},{"taxonomy":"post_tag","embeddable":true,"href":"https:\/\/www.notibras.com\/site\/wp-json\/wp\/v2\/tags?post=342642"}],"curies":[{"name":"wp","href":"https:\/\/api.w.org\/{rel}","templated":true}]}}