{"id":342647,"date":"2024-12-07T08:51:11","date_gmt":"2024-12-07T11:51:11","guid":{"rendered":"https:\/\/www.notibras.com\/site\/?p=342647"},"modified":"2024-12-07T12:22:37","modified_gmt":"2024-12-07T15:22:37","slug":"mara-a-irma-cacula-vaidosa-vai-embora-antes-mas-deixa-a-ultima-bronca","status":"publish","type":"post","link":"https:\/\/www.notibras.com\/site\/mara-a-irma-cacula-vaidosa-vai-embora-antes-mas-deixa-a-ultima-bronca\/","title":{"rendered":"Mara, a irm\u00e3 ca\u00e7ula, vaidosa, vai embora antes mas deixa a \u00faltima bronca"},"content":{"rendered":"<p>Apesar da fragilidade f\u00edsica de Mara, n\u00e3o esperava estar aqui diante do seu caix\u00e3o. Quantas hist\u00f3rias passamos juntas, meu Deus! Al\u00e9m de irm\u00e3s, \u00e9ramos amigas e, melhor, confidentes.<\/p>\n<p>Dois anos mais velha, consegui incutir na mente da ca\u00e7ula que o estudo era o modo mais eficiente de conquistar a independ\u00eancia. E ela se saiu muito bem, tanto \u00e9 que, ainda na faculdade, conseguiu um bom emprego e foi morar sozinha. Papai, a princ\u00edpio, n\u00e3o gostou muito da ideia, mas n\u00e3o tinha como cortar as asas da filha, que, j\u00e1 naqueles idos, almejava voos ainda mais altos.<\/p>\n<p>Mara galgou cargos cada vez mais importantes e, alguns anos ap\u00f3s, chegou \u00e0 diretoria da empresa. Nessa \u00e9poca, meu pai gostava de comentar com todos sobre a cria vitoriosa. E ai de quem fizesse pouco caso das conquistas de Mara. Papai ficava furioso!<\/p>\n<p>N\u00e3o segui os passos de Mara de trocar a ro\u00e7a pela cidade. E, assim que me formei, retornei para a fazenda da fam\u00edlia. E \u00e9 onde continuo, fazendo as coisas que sempre amei, que \u00e9 mexer com cria\u00e7\u00e3o e planta\u00e7\u00e3o.<\/p>\n<p>Minha irm\u00e3 n\u00e3o retornou. Era n\u00edtido que seu caminho era outro. Ela, al\u00e9m de \u00f3tima profissional, sempre soube se vestir elegantemente. Ela puxou a vaidade de mam\u00e3e; eu, o desleixo do nosso pai. Isso, ali\u00e1s, era motivo para Mara me dar algumas broncas.<\/p>\n<p>\u2014 L\u00facia, passe uma maquiagem. Olha essas unhas! Vou te levar \u00e0 minha cabeleireira.<\/p>\n<p>\u00c9 engra\u00e7ado olhar para Mara deitada nesse caix\u00e3o. A danada continua linda e, para quem for bom observador, talvez perceba que ela est\u00e1 me lan\u00e7ando um olhar de desaprova\u00e7\u00e3o, como se quisesse me dar a derradeira bronca.<\/p>\n<p>\u2014 L\u00facia, como \u00e9 que voc\u00ea me aparece no meu vel\u00f3rio sem uma tinta nesse cabelo?<\/p>\n<p>&#8230;&#8230;&#8230;&#8230;&#8230;&#8230;&#8230;<\/p>\n<p>*<strong>Eduardo Mart\u00ednez \u00e9 autor do livro \u201c57 Contos e Cr\u00f4nicas por um Autor muito Velho\u201d.<\/strong><\/p>\n<div class=\"mvp-post-soc-in\">\n<div id=\"mvp-content-body\" class=\"left relative\">\n<div id=\"mvp-content-body-top\" class=\"left relative\">\n<div id=\"mvp-content-main\" class=\"left relative\">\n<p>Compre aqui\u00a0<span class=\"x19la9d6 x1fc57z9 x6ikm8r x10wlt62 x19co3pv x1g5zs5t xfibh0p xiy17q3 x1xsqp64 x1lkfr7t xexx8yu x4uap5 x18d9i69 xkhd6sd\"><span class=\"xrtxmta x1bhl96m\"><img decoding=\"async\" class=\"emoji\" role=\"img\" draggable=\"false\" src=\"https:\/\/s.w.org\/images\/core\/emoji\/14.0.0\/svg\/1f447-1f3ff.svg\" alt=\"&#x1f447;&#x1f3ff;\" \/><\/span><\/span><span class=\"x19la9d6 x1fc57z9 x6ikm8r x10wlt62 x19co3pv x1g5zs5t xfibh0p xiy17q3 x1xsqp64 x1lkfr7t xexx8yu x4uap5 x18d9i69 xkhd6sd\"><span class=\"xrtxmta x1bhl96m\"><img decoding=\"async\" class=\"emoji\" role=\"img\" draggable=\"false\" src=\"https:\/\/s.w.org\/images\/core\/emoji\/14.0.0\/svg\/1f447-1f3ff.svg\" alt=\"&#x1f447;&#x1f3ff;\" \/><\/span><\/span><span class=\"x19la9d6 x1fc57z9 x6ikm8r x10wlt62 x19co3pv x1g5zs5t xfibh0p xiy17q3 x1xsqp64 x1lkfr7t xexx8yu x4uap5 x18d9i69 xkhd6sd\"><span class=\"xrtxmta x1bhl96m\"><img decoding=\"async\" class=\"emoji\" role=\"img\" draggable=\"false\" src=\"https:\/\/s.w.org\/images\/core\/emoji\/14.0.0\/svg\/1f447-1f3ff.svg\" alt=\"&#x1f447;&#x1f3ff;\" \/><\/span><\/span><\/p>\n<p><a href=\"http:\/\/www.joanineditora.com.br\/57-contos-e-cronicas-por-um-autor-muito-velho\">http:\/\/www.joanineditora.com.br\/57-contos-e-cronicas-por-um-autor-muito-velho<\/a><\/p>\n<\/div>\n<\/div>\n<\/div>\n<\/div>\n","protected":false},"excerpt":{"rendered":"<p>Apesar da fragilidade f\u00edsica de Mara, n\u00e3o esperava estar aqui diante do seu caix\u00e3o. Quantas hist\u00f3rias passamos juntas, meu Deus! Al\u00e9m de irm\u00e3s, \u00e9ramos amigas e, melhor, confidentes. Dois anos mais velha, consegui incutir na mente da ca\u00e7ula que o estudo era o modo mais eficiente de conquistar a independ\u00eancia. E ela se saiu muito [&hellip;]<\/p>\n","protected":false},"author":2,"featured_media":342648,"comment_status":"closed","ping_status":"closed","sticky":false,"template":"","format":"standard","meta":{"_acf_changed":false,"footnotes":""},"categories":[161],"tags":[],"class_list":["post-342647","post","type-post","status-publish","format-standard","has-post-thumbnail","hentry","category-quadradinho-em-foco"],"acf":[],"_links":{"self":[{"href":"https:\/\/www.notibras.com\/site\/wp-json\/wp\/v2\/posts\/342647","targetHints":{"allow":["GET"]}}],"collection":[{"href":"https:\/\/www.notibras.com\/site\/wp-json\/wp\/v2\/posts"}],"about":[{"href":"https:\/\/www.notibras.com\/site\/wp-json\/wp\/v2\/types\/post"}],"author":[{"embeddable":true,"href":"https:\/\/www.notibras.com\/site\/wp-json\/wp\/v2\/users\/2"}],"replies":[{"embeddable":true,"href":"https:\/\/www.notibras.com\/site\/wp-json\/wp\/v2\/comments?post=342647"}],"version-history":[{"count":3,"href":"https:\/\/www.notibras.com\/site\/wp-json\/wp\/v2\/posts\/342647\/revisions"}],"predecessor-version":[{"id":342651,"href":"https:\/\/www.notibras.com\/site\/wp-json\/wp\/v2\/posts\/342647\/revisions\/342651"}],"wp:featuredmedia":[{"embeddable":true,"href":"https:\/\/www.notibras.com\/site\/wp-json\/wp\/v2\/media\/342648"}],"wp:attachment":[{"href":"https:\/\/www.notibras.com\/site\/wp-json\/wp\/v2\/media?parent=342647"}],"wp:term":[{"taxonomy":"category","embeddable":true,"href":"https:\/\/www.notibras.com\/site\/wp-json\/wp\/v2\/categories?post=342647"},{"taxonomy":"post_tag","embeddable":true,"href":"https:\/\/www.notibras.com\/site\/wp-json\/wp\/v2\/tags?post=342647"}],"curies":[{"name":"wp","href":"https:\/\/api.w.org\/{rel}","templated":true}]}}