{"id":342654,"date":"2024-12-07T00:32:15","date_gmt":"2024-12-07T03:32:15","guid":{"rendered":"https:\/\/www.notibras.com\/site\/?p=342654"},"modified":"2024-12-07T09:33:56","modified_gmt":"2024-12-07T12:33:56","slug":"concerto-de-natal-recebe-grande-publico-no-centro-cultural-sao-francisco","status":"publish","type":"post","link":"https:\/\/www.notibras.com\/site\/concerto-de-natal-recebe-grande-publico-no-centro-cultural-sao-francisco\/","title":{"rendered":"Concerto de Natal recebe grande p\u00fablico no Centro Cultural S\u00e3o Francisco"},"content":{"rendered":"<p>O Concerto de Natal, promovido pela C\u00e2mara Municipal de Jo\u00e3o Pessoa, em parceria com o projeto &#8220;Viva o Centro com M\u00fasica&#8221;, atraiu um grande p\u00fablico ao Centro Cultural S\u00e3o Francisco, no Centro Hist\u00f3rico da Capital. As apresenta\u00e7\u00f5es come\u00e7aram dentro da Igreja S\u00e3o Francisco com o recital oper\u00edstico do Grupo Curta \u00d3pera, que reuniu um repert\u00f3rio de m\u00fasicas cl\u00e1ssicas e natalinas, passando pela apresenta\u00e7\u00e3o da &#8220;Ave Maria&#8221;.<\/p>\n<p>Ap\u00f3s o recital, o p\u00fablico foi convidado a assistir, na parte externa da igreja, \u00e0 apresenta\u00e7\u00e3o da Big Band Rubac\u00e3o Jazz que, sob a reg\u00eancia do maestro Alexandre Magno e participa\u00e7\u00e3o do cantor T\u00falio Melo, trouxe um tributo ao cantor Frank Sinatra.<\/p>\n<p>O presidente da C\u00e2mara Dinho Dowsley (PSD), falou da iniciativa da C\u00e2mara, em parceria com a Prefeitura de Jo\u00e3o Pessoa e o Governo do Estado, de promover o evento, que se insere dentro das iniciativas de resgate do Centro Hist\u00f3rico. &#8220;A C\u00e2mara foi a protagonista dessa melhoria do Centro Hist\u00f3rico da cidade, com v\u00e1rias a\u00e7\u00f5es realizadas, e agora promove a cultura, a arte, atrav\u00e9s da m\u00fasica. A parceria estabelecida com a Prefeitura de Jo\u00e3o Pessoa, atrav\u00e9s do Viva o Centro com M\u00fasica, e o Governo do Estado, \u00e9 motivo de muito orgulho, sobretudo pela realiza\u00e7\u00e3o acontecer no m\u00eas natalino, no m\u00eas de dezembro, para que esse evento fique no calend\u00e1rio, n\u00e3o s\u00f3 da C\u00e2mara Municipal, mas de Jo\u00e3o Pessoa&#8221;, afirmou.<\/p>\n<p>O vereador Odon Bezerra (PSB) disse que \u00e9 preciso ver a iniciativa por v\u00e1rios \u00e2ngulos. &#8220;Primeiro precisamos analisar pelo lado cultural, de divulga\u00e7\u00e3o da cultura erudita, principalmente em um momento t\u00e3o simb\u00f3lico como esse. Por outro lado, o aspecto pol\u00edtico, prestigiar o nosso Centro Hist\u00f3rico, que est\u00e1 passando por uma transforma\u00e7\u00e3o, que teve a sua sedimenta\u00e7\u00e3o no plen\u00e1rio da C\u00e2mara Municipal de Jo\u00e3o Pessoa&#8221;, acrescentou.<\/p>\n<p>Tarc\u00edsio Jardim (PP) destacou a \u00e9poca em que o evento foi realizado. &#8220;O Natal tem um significado muito especial, particularmente para a nossa fam\u00edlia, que gosta muito do Natal. \u00c9 um momento de reflex\u00e3o, de pensar nos acertos e erros que cometemos durante o ano, lembrar do nosso prop\u00f3sito na terra&#8221;, colocou.<\/p>\n<p>&#8220;Os poderes est\u00e3o unidos para revitalizar o Centro, foi essa parceria que n\u00f3s firmamos, esse compromisso, e n\u00e3o poderia ser diferente. Al\u00e9m dos incentivos fiscais que o Governo do Estado e a Prefeitura est\u00e3o disponibilizando para esse setor, a C\u00e2mara Municipal chega tamb\u00e9m, fazendo grandes eventos como esse. Tenho muita satisfa\u00e7\u00e3o de saber que n\u00f3s estamos no caminho certo, no momento certo e na hora certa&#8221;, pontuou o vice-prefeito de Jo\u00e3o Pessoa, L\u00e9o Bezerra.<\/p>\n<p>Jamile Paiva, coordenadora do projeto &#8220;Viva o Centro com M\u00fasica&#8221;, falou do sentimento de concretizar o Concerto e da parceria com a CMJP. &#8220;Essa parceria com a C\u00e2mara Municipal foi um prazer para n\u00f3s, porque o nosso prop\u00f3sito \u00e9 dar visibilidade ao Centro Hist\u00f3rico, assim como a C\u00e2mara tamb\u00e9m tem feito atrav\u00e9s de diferentes eventos e iniciativas. Espero que esse momento seja uma abertura de renova\u00e7\u00e3o, de visita ao Centro Hist\u00f3rico&#8221;, reiterou.<\/p>\n<p>O vereador Carl\u00e3o (PL) afirmou que o momento era de celebra\u00e7\u00e3o. &#8220;Esse momento da C\u00e2mara Municipal de Jo\u00e3o Pessoa, juntamente com a celebra\u00e7\u00e3o natalina, o nascimento de Cristo, essa renova\u00e7\u00e3o de vida, \u00e9 o que n\u00f3s precisamos nas nossas vidas, \u00e9 isso que a gente precisa no nosso Centro Hist\u00f3rico&#8221;, colocou.<\/p>\n<p>Para o coordenador do Centro Cultural S\u00e3o Francisco, padre Marcondes Menezes, a realiza\u00e7\u00e3o de eventos que buscam ajudar no processo de revitaliza\u00e7\u00e3o do Centro Hist\u00f3rico \u00e9 de suma import\u00e2ncia. &#8220;A m\u00fasica e a cultura agregam na sociedade, trazem vida. Quando a C\u00e2mara Municipal e as institui\u00e7\u00f5es promovem eventos como esse, est\u00e3o promovendo a cidadania. N\u00f3s que fazemos o Centro Cultural S\u00e3o Francisco temos a maior alegria de ceder o nosso espa\u00e7o para esses eventos realizados pelos \u00f3rg\u00e3os municipais e estaduais para a causa da cultura&#8221;, frisou.<\/p>\n<p>Tamb\u00e9m estiveram presentes ao Concerto de Natal os vereadores Marmuthe Cavalcanti (Republicanos); Eliza Virg\u00ednia (PP); Toinho P\u00e9 de A\u00e7o (Republicanos); Marc\u00edlio do HBE (Republicanos), al\u00e9m dos parlamentares eleitos para a pr\u00f3xima Legislatura \u00cdcaro Chaves (Pode), F\u00e1bio Lopes (PL) e Valdir Trindade (Republicanos).<\/p>\n<p><strong>Viva o Centro com M\u00fasica<\/strong><br \/>\nPromovido pela Prefeitura de Jo\u00e3o Pessoa, o &#8220;Viva o Centro com M\u00fasica&#8221; \u00e9 uma iniciativa da Secretaria de Ci\u00eancia e Tecnologia (Secitec-JP), em parceria com o Governo da Para\u00edba, com o intuito de revitalizar o Centro Hist\u00f3rico, atrav\u00e9s de atividades culturais que possibilitam o acesso \u00e0 m\u00fasica de qualidade, al\u00e9m de proporcionar a ocupa\u00e7\u00e3o dos espa\u00e7os p\u00fablicos pela comunidade.<\/p>\n","protected":false},"excerpt":{"rendered":"<p>O Concerto de Natal, promovido pela C\u00e2mara Municipal de Jo\u00e3o Pessoa, em parceria com o projeto &#8220;Viva o Centro com M\u00fasica&#8221;, atraiu um grande p\u00fablico ao Centro Cultural S\u00e3o Francisco, no Centro Hist\u00f3rico da Capital. As apresenta\u00e7\u00f5es come\u00e7aram dentro da Igreja S\u00e3o Francisco com o recital oper\u00edstico do Grupo Curta \u00d3pera, que reuniu um repert\u00f3rio [&hellip;]<\/p>\n","protected":false},"author":2,"featured_media":342655,"comment_status":"closed","ping_status":"closed","sticky":false,"template":"","format":"standard","meta":{"_acf_changed":false,"footnotes":""},"categories":[165],"tags":[],"class_list":["post-342654","post","type-post","status-publish","format-standard","has-post-thumbnail","hentry","category-nordeste"],"acf":[],"_links":{"self":[{"href":"https:\/\/www.notibras.com\/site\/wp-json\/wp\/v2\/posts\/342654","targetHints":{"allow":["GET"]}}],"collection":[{"href":"https:\/\/www.notibras.com\/site\/wp-json\/wp\/v2\/posts"}],"about":[{"href":"https:\/\/www.notibras.com\/site\/wp-json\/wp\/v2\/types\/post"}],"author":[{"embeddable":true,"href":"https:\/\/www.notibras.com\/site\/wp-json\/wp\/v2\/users\/2"}],"replies":[{"embeddable":true,"href":"https:\/\/www.notibras.com\/site\/wp-json\/wp\/v2\/comments?post=342654"}],"version-history":[{"count":1,"href":"https:\/\/www.notibras.com\/site\/wp-json\/wp\/v2\/posts\/342654\/revisions"}],"predecessor-version":[{"id":342656,"href":"https:\/\/www.notibras.com\/site\/wp-json\/wp\/v2\/posts\/342654\/revisions\/342656"}],"wp:featuredmedia":[{"embeddable":true,"href":"https:\/\/www.notibras.com\/site\/wp-json\/wp\/v2\/media\/342655"}],"wp:attachment":[{"href":"https:\/\/www.notibras.com\/site\/wp-json\/wp\/v2\/media?parent=342654"}],"wp:term":[{"taxonomy":"category","embeddable":true,"href":"https:\/\/www.notibras.com\/site\/wp-json\/wp\/v2\/categories?post=342654"},{"taxonomy":"post_tag","embeddable":true,"href":"https:\/\/www.notibras.com\/site\/wp-json\/wp\/v2\/tags?post=342654"}],"curies":[{"name":"wp","href":"https:\/\/api.w.org\/{rel}","templated":true}]}}