{"id":342705,"date":"2024-12-08T00:53:44","date_gmt":"2024-12-08T03:53:44","guid":{"rendered":"https:\/\/www.notibras.com\/site\/?p=342705"},"modified":"2024-12-08T00:55:40","modified_gmt":"2024-12-08T03:55:40","slug":"veja-a-historia-do-filho-do-amigo-do-james-bond","status":"publish","type":"post","link":"https:\/\/www.notibras.com\/site\/veja-a-historia-do-filho-do-amigo-do-james-bond\/","title":{"rendered":"Veja a hist\u00f3ria do filho do amigo do James Bond"},"content":{"rendered":"<p>Eis que estou aqui a caminho da escola. Tento me lembrar do sonho que tive antes de ouvir a suave e doce voz da minha m\u00e3e:<\/p>\n<p>\u2014 Acorda, Jos\u00e9 Ant\u00f4nio! Ou vai querer virar vagabundo que nem seu pai?<\/p>\n<p>Nem tive tempo ou \u00e2nimo para contestar tamanha autoridade. A novidade foi que mam\u00e3e mencionou meu pai de modo depreciativo. Calma, que explico.<\/p>\n<p>Caso voc\u00ea se interesse em dar uma olhadela na minha certid\u00e3o de nascimento, perceber\u00e1 que consta a famosa express\u00e3o &#8220;pai n\u00e3o declarado&#8221;. Por isso, passei de algu\u00e9m sem pai para um garoto com pai vagabundo. Vendo por tal \u00e2ngulo, pode parecer que galguei ao menos um degrau perante a sociedade. No entanto, a situa\u00e7\u00e3o confundiu ainda mais a minha mente. Calma, que explico.<\/p>\n<p>Desde que me entendo por gente, e isso n\u00e3o faz tanto tempo assim, durante um sonho, perguntei para mam\u00e3e onde estava o meu pai. A resposta me maravilhou. \u00c9 que ela me disse, depois de olhar para todos os lados, como que querendo guardar segredo, que papai era um agente secreto do governo. Pois \u00e9, isso mesmo! A partir daquele momento, eu era filho de um colega do James Bond.<\/p>\n<p>\u2014 Jos\u00e9 Ant\u00f4nio, meu filho, voc\u00ea precisa guardar segredo.<\/p>\n<p>E l\u00e1 estava eu, no auge dos meus oito anos, querendo falar para todo mundo que meu pai era amigo do mais famoso espi\u00e3o do planeta, tendo de esconder tamanha informa\u00e7\u00e3o. E foi assim que cresci, sem pai, \u00e9 verdade, mas na esperan\u00e7a de, um dia, v\u00ea-lo entrar pela porta de casa. Alto, cheio de cicatrizes pelo corpo, cabelos negros levemente desalinhados.<\/p>\n<p>\u2014 Jos\u00e9 Ant\u00f4nio, sou seu pai.<\/p>\n<p>Tantas hist\u00f3rias criadas em momentos de devaneios, no entanto, foram destru\u00eddas hoje. Vagabundo? Como assim? Cad\u00ea aquele agente secreto do governo?<\/p>\n<p>\u00c9 verdade que mam\u00e3e jamais havia confirmado o que escutei de seus l\u00e1bios naquele sonho. Todavia, aquilo foi um balde de \u00e1gua fria. Tanto \u00e9 que, ao passar por um maltrapilho, percebo que ele me encarou. Em seguida, o sujeito me cumprimentou com um sorriso vazio de dentes. Sigo meu caminho, mas algo me invade o pensamento: &#8220;Ser\u00e1 que \u00e9 meu pai?&#8221;<\/p>\n<p>&#8230;&#8230;&#8230;&#8230;&#8230;&#8230;&#8230;..<\/p>\n<p>*<strong>Eduardo Mart\u00ednez \u00e9 autor do livro \u201c57 Contos e Cr\u00f4nicas por um Autor muito Velho\u201d.<\/strong><\/p>\n<div class=\"mvp-post-soc-in\">\n<div id=\"mvp-content-body\" class=\"left relative\">\n<div id=\"mvp-content-body-top\" class=\"left relative\">\n<div id=\"mvp-content-main\" class=\"left relative\">\n<p>Compre aqui\u00a0<span class=\"x19la9d6 x1fc57z9 x6ikm8r x10wlt62 x19co3pv x1g5zs5t xfibh0p xiy17q3 x1xsqp64 x1lkfr7t xexx8yu x4uap5 x18d9i69 xkhd6sd\"><span class=\"xrtxmta x1bhl96m\"><img decoding=\"async\" class=\"emoji\" role=\"img\" draggable=\"false\" src=\"https:\/\/s.w.org\/images\/core\/emoji\/14.0.0\/svg\/1f447-1f3ff.svg\" alt=\"&#x1f447;&#x1f3ff;\" \/><\/span><\/span><span class=\"x19la9d6 x1fc57z9 x6ikm8r x10wlt62 x19co3pv x1g5zs5t xfibh0p xiy17q3 x1xsqp64 x1lkfr7t xexx8yu x4uap5 x18d9i69 xkhd6sd\"><span class=\"xrtxmta x1bhl96m\"><img decoding=\"async\" class=\"emoji\" role=\"img\" draggable=\"false\" src=\"https:\/\/s.w.org\/images\/core\/emoji\/14.0.0\/svg\/1f447-1f3ff.svg\" alt=\"&#x1f447;&#x1f3ff;\" \/><\/span><\/span><span class=\"x19la9d6 x1fc57z9 x6ikm8r x10wlt62 x19co3pv x1g5zs5t xfibh0p xiy17q3 x1xsqp64 x1lkfr7t xexx8yu x4uap5 x18d9i69 xkhd6sd\"><span class=\"xrtxmta x1bhl96m\"><img decoding=\"async\" class=\"emoji\" role=\"img\" draggable=\"false\" src=\"https:\/\/s.w.org\/images\/core\/emoji\/14.0.0\/svg\/1f447-1f3ff.svg\" alt=\"&#x1f447;&#x1f3ff;\" \/><\/span><\/span><\/p>\n<p><a href=\"http:\/\/www.joanineditora.com.br\/57-contos-e-cronicas-por-um-autor-muito-velho\">http:\/\/www.joanineditora.com.br\/57-contos-e-cronicas-por-um-autor-muito-velho<\/a><\/p>\n<\/div>\n<\/div>\n<\/div>\n<\/div>\n","protected":false},"excerpt":{"rendered":"<p>Eis que estou aqui a caminho da escola. Tento me lembrar do sonho que tive antes de ouvir a suave e doce voz da minha m\u00e3e: \u2014 Acorda, Jos\u00e9 Ant\u00f4nio! Ou vai querer virar vagabundo que nem seu pai? Nem tive tempo ou \u00e2nimo para contestar tamanha autoridade. A novidade foi que mam\u00e3e mencionou meu [&hellip;]<\/p>\n","protected":false},"author":2,"featured_media":342706,"comment_status":"closed","ping_status":"closed","sticky":false,"template":"","format":"standard","meta":{"_acf_changed":false,"footnotes":""},"categories":[161],"tags":[],"class_list":["post-342705","post","type-post","status-publish","format-standard","has-post-thumbnail","hentry","category-quadradinho-em-foco"],"acf":[],"_links":{"self":[{"href":"https:\/\/www.notibras.com\/site\/wp-json\/wp\/v2\/posts\/342705","targetHints":{"allow":["GET"]}}],"collection":[{"href":"https:\/\/www.notibras.com\/site\/wp-json\/wp\/v2\/posts"}],"about":[{"href":"https:\/\/www.notibras.com\/site\/wp-json\/wp\/v2\/types\/post"}],"author":[{"embeddable":true,"href":"https:\/\/www.notibras.com\/site\/wp-json\/wp\/v2\/users\/2"}],"replies":[{"embeddable":true,"href":"https:\/\/www.notibras.com\/site\/wp-json\/wp\/v2\/comments?post=342705"}],"version-history":[{"count":2,"href":"https:\/\/www.notibras.com\/site\/wp-json\/wp\/v2\/posts\/342705\/revisions"}],"predecessor-version":[{"id":342708,"href":"https:\/\/www.notibras.com\/site\/wp-json\/wp\/v2\/posts\/342705\/revisions\/342708"}],"wp:featuredmedia":[{"embeddable":true,"href":"https:\/\/www.notibras.com\/site\/wp-json\/wp\/v2\/media\/342706"}],"wp:attachment":[{"href":"https:\/\/www.notibras.com\/site\/wp-json\/wp\/v2\/media?parent=342705"}],"wp:term":[{"taxonomy":"category","embeddable":true,"href":"https:\/\/www.notibras.com\/site\/wp-json\/wp\/v2\/categories?post=342705"},{"taxonomy":"post_tag","embeddable":true,"href":"https:\/\/www.notibras.com\/site\/wp-json\/wp\/v2\/tags?post=342705"}],"curies":[{"name":"wp","href":"https:\/\/api.w.org\/{rel}","templated":true}]}}