{"id":342712,"date":"2024-12-08T00:17:00","date_gmt":"2024-12-08T03:17:00","guid":{"rendered":"https:\/\/www.notibras.com\/site\/?p=342712"},"modified":"2024-12-08T01:20:58","modified_gmt":"2024-12-08T04:20:58","slug":"eli-ferreira-lanca-do-caos-a-poesia-em-taguatinga","status":"publish","type":"post","link":"https:\/\/www.notibras.com\/site\/eli-ferreira-lanca-do-caos-a-poesia-em-taguatinga\/","title":{"rendered":"Eli Ferreira lan\u00e7a &#8216;Do caos \u00e0 poesia&#8217;, em Taguatinga"},"content":{"rendered":"<p>No pr\u00f3ximo dia 13, a Ocupa\u00e7\u00e3o Cultural Mercado Sul Vive, em Taguatinga, ser\u00e1 palco do lan\u00e7amento de Do Caos \u00e0 Poesia, obra da escritora, poeta e produtora cultural Eli Ferreira. O livro, contemplado pelo edital da Lei Paulo Gustavo e editado pela AV\u00c1 editora, chega com uma tiragem inicial de mil exemplares, trazendo uma colet\u00e2nea de poemas que traduzem viv\u00eancias perif\u00e9ricas, ancestralidade e resist\u00eancia.<\/p>\n<p>O evento promete uma celebra\u00e7\u00e3o especial \u00e0 poesia e \u00e0 arte perif\u00e9rica, reafirmando o papel do Mercado Sul Vive como um espa\u00e7o de valoriza\u00e7\u00e3o cultural e resist\u00eancia.<\/p>\n<p>Al\u00e9m do recital po\u00e9tico de Eli Ferreira, a programa\u00e7\u00e3o inclui performance ballroom da Casa de Onij\u00e1, pocket show de rap com Naya Caliandra e um palco aberto para participa\u00e7\u00f5es do p\u00fablico. Eli espera &#8220;mexer com as \u00e1guas dos sentimentos&#8221; dos leitores, inspirando futuras escritoras e despertando o gosto pela poesia.<\/p>\n<p>A autora e sua trajet\u00f3ria Baiana, mulher preta, filha de santo e residente do Mercado Sul h\u00e1 12 anos, Eli Ferreira define sua trajet\u00f3ria art\u00edstica como profundamente enraizada no territ\u00f3rio.<\/p>\n<p>\u201cViver no Mercado Sul \u00e9 como estar em uma escola livre. Foi aqui que tive meu primeiro palco, meu primeiro programa de r\u00e1dio, meus primeiros projetos culturais aprovados e meu primeiro livro. Este lugar transformou minha caminhada como artista e escritora\u201d, destaca Eli.<\/p>\n<p>Inspirada no ax\u00e9 de seu orix\u00e1 Oy\u00e1 e na filosofia Ubuntu (&#8220;Eu sou porque eles s\u00e3o&#8221;), Eli molda sua arte com base na ancestralidade e coletividade, declarando-se \u201co sonho dos meus ancestrais\u201d.<\/p>\n<p>Os poemas de Do Caos \u00e0 Poesia dialogam diretamente com mulheres negras, m\u00e3es solo e pessoas perif\u00e9ricas, promovendo mensagens de protagonismo e transforma\u00e7\u00e3o.<\/p>\n<p>\u201cEspero que outras mulheres se reconhe\u00e7am em meus versos e percebam que o caos de suas vidas pode ser transformado em poesia. Quero inspir\u00e1-las a serem protagonistas de seus sonhos,\u201d afirma a autora. Eli tamb\u00e9m homenageia inspira\u00e7\u00f5es como Concei\u00e7\u00e3o Evaristo, Elisa Lucinda, Marielle Franco e Maria Felipa, destacando a import\u00e2ncia da representatividade liter\u00e1ria.<\/p>\n<p><strong>Proje\u00e7\u00f5es para o futuro<\/strong><br \/>\nEli Ferreira j\u00e1 tra\u00e7a planos para 2025, incluindo o lan\u00e7amento de seu segundo livro e a cria\u00e7\u00e3o de um projeto de escrita criativa voltado para jovens em priva\u00e7\u00e3o de liberdade.<\/p>\n<p>Seu objetivo \u00e9 promover a publica\u00e7\u00e3o de novos autores e autoras e levar suas mensagens a mais pessoas. \u201cQuero que meu livro chegue \u00e0s m\u00e3os de mulheres perif\u00e9ricas e pessoas marginalizadas. \u00c9 para elas que escrevo\u201d, afirma.<\/p>\n<p><strong>Servi\u00e7o<\/strong><br \/>\nLan\u00e7amento do livro Do Caos \u00e0 Poesia<br \/>\nData: 13 de dezembro, \u00e0s 20h<br \/>\nLocal: Ocupa\u00e7\u00e3o Cultural Mercado Sul Vive, Taguatinga (DF)<br \/>\nEntrada gratuita<\/p>\n","protected":false},"excerpt":{"rendered":"<p>No pr\u00f3ximo dia 13, a Ocupa\u00e7\u00e3o Cultural Mercado Sul Vive, em Taguatinga, ser\u00e1 palco do lan\u00e7amento de Do Caos \u00e0 Poesia, obra da escritora, poeta e produtora cultural Eli Ferreira. O livro, contemplado pelo edital da Lei Paulo Gustavo e editado pela AV\u00c1 editora, chega com uma tiragem inicial de mil exemplares, trazendo uma colet\u00e2nea [&hellip;]<\/p>\n","protected":false},"author":2,"featured_media":342713,"comment_status":"closed","ping_status":"closed","sticky":false,"template":"","format":"standard","meta":{"_acf_changed":false,"footnotes":""},"categories":[161],"tags":[],"class_list":["post-342712","post","type-post","status-publish","format-standard","has-post-thumbnail","hentry","category-quadradinho-em-foco"],"acf":[],"_links":{"self":[{"href":"https:\/\/www.notibras.com\/site\/wp-json\/wp\/v2\/posts\/342712","targetHints":{"allow":["GET"]}}],"collection":[{"href":"https:\/\/www.notibras.com\/site\/wp-json\/wp\/v2\/posts"}],"about":[{"href":"https:\/\/www.notibras.com\/site\/wp-json\/wp\/v2\/types\/post"}],"author":[{"embeddable":true,"href":"https:\/\/www.notibras.com\/site\/wp-json\/wp\/v2\/users\/2"}],"replies":[{"embeddable":true,"href":"https:\/\/www.notibras.com\/site\/wp-json\/wp\/v2\/comments?post=342712"}],"version-history":[{"count":4,"href":"https:\/\/www.notibras.com\/site\/wp-json\/wp\/v2\/posts\/342712\/revisions"}],"predecessor-version":[{"id":342717,"href":"https:\/\/www.notibras.com\/site\/wp-json\/wp\/v2\/posts\/342712\/revisions\/342717"}],"wp:featuredmedia":[{"embeddable":true,"href":"https:\/\/www.notibras.com\/site\/wp-json\/wp\/v2\/media\/342713"}],"wp:attachment":[{"href":"https:\/\/www.notibras.com\/site\/wp-json\/wp\/v2\/media?parent=342712"}],"wp:term":[{"taxonomy":"category","embeddable":true,"href":"https:\/\/www.notibras.com\/site\/wp-json\/wp\/v2\/categories?post=342712"},{"taxonomy":"post_tag","embeddable":true,"href":"https:\/\/www.notibras.com\/site\/wp-json\/wp\/v2\/tags?post=342712"}],"curies":[{"name":"wp","href":"https:\/\/api.w.org\/{rel}","templated":true}]}}