{"id":342718,"date":"2024-12-08T00:01:09","date_gmt":"2024-12-08T03:01:09","guid":{"rendered":"https:\/\/www.notibras.com\/site\/?p=342718"},"modified":"2024-12-08T01:27:02","modified_gmt":"2024-12-08T04:27:02","slug":"conheca-10-motivos-para-visitar-o-memorial-dos-povos-indigenas","status":"publish","type":"post","link":"https:\/\/www.notibras.com\/site\/conheca-10-motivos-para-visitar-o-memorial-dos-povos-indigenas\/","title":{"rendered":"Conhe\u00e7a 10 motivos para visitar o Memorial dos Povos Ind\u00edgenas"},"content":{"rendered":"<p>O Memorial dos Povos Ind\u00edgenas (Zona C\u00edvico-Administrativa, em frente ao Memorial JK) fica aberto de ter\u00e7a a domingo e conta com uma s\u00e9rie de atividades para brasilienses e turistas.<\/p>\n<p>A ONG Associa\u00e7\u00e3o dos Amigos da Vida executa o projeto do programa educativo com recursos do Fundo de Apoio \u00e0 Cultura da Secretaria de Cultura e Economia Criativa do Distrito Federal.<\/p>\n<p><strong>Confira a seguir 10 motivos para visitar o espa\u00e7o:<\/strong><\/p>\n<p>1) Arquitetura ic\u00f4nica &#8211; O Memorial dos Povos Ind\u00edgenas foi idealizado por Darcy Ribeiro e tem o projeto arquitet\u00f4nico assinado por Oscar Niemeyer. Ele projetou o espa\u00e7o inspirado em uma maloca Yanomami. Sua \u00e1rea \u00e9 de 2.984,08 m\u00b2 e a constru\u00e7\u00e3o tem o formato de espiral, permitindo uma vis\u00e3o de caleidosc\u00f3pio cultural.<\/p>\n<p>2) Riqueza do acervo &#8211; A exposi\u00e7\u00e3o fixa conta com 88 pe\u00e7as de plum\u00e1rias, cer\u00e2micas, cestarias e m\u00e1scaras. Al\u00e9m disso, h\u00e1 exposi\u00e7\u00f5es tempor\u00e1rias no espa\u00e7o, no momento a exposi\u00e7\u00e3o &#8220;Os Grafismos Ind\u00edgenas H\u00f3ri&#8217;, ou &#8220;a Bela Arte&#8221;, que narram as manifesta\u00e7\u00f5es art\u00edsticas ancestrais que permeiam as culturas dos povos ind\u00edgenas Dessano e Tukano no DF. Fica em cartaz no MPI at\u00e9 o dia12 de janeiro de 2025.<\/p>\n<p>3) Proximidade com outros monumentos &#8211; O Memorial dos Povos Ind\u00edgenas est\u00e1 localizado na Zona C\u00edvico-Administrativa do Eixo Monumental. \u00c9 pr\u00f3ximo a outros \u00edcones de Bras\u00edlia. Fica perto do Memorial JK e a Pra\u00e7a do Buriti, em frente \u00e0 C\u00e2mara Legislativa do Distrito Federal.<\/p>\n<p>4) Programa educativo &#8211; Comandado pela ONG Associa\u00e7\u00e3o dos Amigos da Vida, de ter\u00e7a a domingo, das 9h \u00e0s 17h, arte educadores ensinam sobre as riquezas dos patrim\u00f4nios materiais e imateriais das mais de 300 etnias ind\u00edgenas que vivem no Brasil desde tempos imemoriais.<\/p>\n<p>5) Aumentar o conhecimento &#8211; Traz a chance de conhecer mais sobre a diversidade dos povos ind\u00edgenas no Brasil, as diversas l\u00ednguas, tradi\u00e7\u00f5es, conhecimentos e modos de vida. Essa diversidade reflete a profundidade de saberes ancestrais. Aprofundar o olhar sobre as culturas ind\u00edgenas \u00e9 valorizar narrativas que resistiram ao tempo, compreender diferentes vis\u00f5es de mundo e fortalecer o respeito \u00e0 pluralidade que define a identidade brasileira.<\/p>\n<p>6) Sala do Saber M\u00e1rio Juruna &#8211; Para as crian\u00e7as e visitas escolares, h\u00e1 um espa\u00e7o espec\u00edfico que homenageia o l\u00edder ind\u00edgena e pol\u00edtico brasileiro que nasceu na aldeia xavante Namunkur\u00e1 e foi o primeiro deputado federal ind\u00edgena no Brasil. O espa\u00e7o contou com o apoio financeiro da Embaixada do Canad\u00e1 e possui pe\u00e7as feitas em madeira ecol\u00f3gica. Pode ser usado por alunos das redes p\u00fablica e privada que visitam o memorial em a\u00e7\u00f5es educativas e debates.<\/p>\n<p>7) Acessibilidade &#8211; O espa\u00e7o possui rampas e banheiros adaptados com frald\u00e1rio, material em braile e pe\u00e7as toc\u00e1veis para cegos e pessoas de baixa vis\u00e3o, al\u00e9m de visita guiada em libras (mediante agendamento pr\u00e9vio).<\/p>\n<p>8) Valoriza\u00e7\u00e3o dos pontos de cultura locais &#8211; Visitar os espa\u00e7os de cultura do Distrito Federal \u00e9 essencial para fortalecer a identidade cultural e promover a diversidade art\u00edstica da regi\u00e3o. Esses espa\u00e7os desempenham um papel crucial como pontos de encontro para a troca de conhecimentos, preserva\u00e7\u00e3o do patrim\u00f4nio e incentivo \u00e0 criatividade. Al\u00e9m de enriquecer o cen\u00e1rio cultural, o apoio a essas iniciativas gera oportunidades para artistas locais, fomenta a economia criativa e fortalece o senso de pertencimento da comunidade.<\/p>\n<p>9) Reflex\u00e3o sobre as diferen\u00e7as &#8211; \u00c9 uma oportunidade de aprender sobre diferentes modos de vida, cosmovis\u00f5es e a rela\u00e7\u00e3o dos povos ind\u00edgenas com a sociedade nacional, promovendo reflex\u00f5es sobre o respeito \u00e0 diversidade e \u00e0 import\u00e2ncia de respeitar esses saberes para as gera\u00e7\u00f5es futuras.<\/p>\n<p>10) Agenda cultural &#8211; O espa\u00e7o oferece oficinas, palestras, conta\u00e7\u00e3o de hist\u00f3ria, entre outras atividades para toda a comunidade. Acompanhe a programa\u00e7\u00e3o do MPI em @memorialdospovosindigenas.<\/p>\n<p><strong>O Memorial<\/strong><br \/>\nO acervo do Memorial dos Povos Ind\u00edgenas possui um invent\u00e1rio formado por pe\u00e7as de plum\u00e1rias, cer\u00e2micas e com os insumos pr\u00f3prios de diversas etnias. No espa\u00e7o, h\u00e1 uma reserva t\u00e9cnica com as pe\u00e7as doadas do acervo particular dos antrop\u00f3logos Darcy Ribeiro, Berta Ribeiro e Eduardo Galv\u00e3o. No espa\u00e7o tamb\u00e9m h\u00e1 pe\u00e7as apreendidas pela pol\u00edcia federal na Opera\u00e7\u00e3o Pindorama.<\/p>\n<p><strong>Servi\u00e7o<\/strong><br \/>\nMemorial dos Povos Ind\u00edgenas<br \/>\n(Zona C\u00edvico-Administrativa, em frente ao Memorial JK)<br \/>\nFuncionamento: De ter\u00e7a-feira a domingo, de 09h \u00e0s 17h<br \/>\nInforma\u00e7\u00f5es: @memorialdospovosindigenas<br \/>\nAcesso: gratuito<\/p>\n","protected":false},"excerpt":{"rendered":"<p>O Memorial dos Povos Ind\u00edgenas (Zona C\u00edvico-Administrativa, em frente ao Memorial JK) fica aberto de ter\u00e7a a domingo e conta com uma s\u00e9rie de atividades para brasilienses e turistas. A ONG Associa\u00e7\u00e3o dos Amigos da Vida executa o projeto do programa educativo com recursos do Fundo de Apoio \u00e0 Cultura da Secretaria de Cultura e [&hellip;]<\/p>\n","protected":false},"author":2,"featured_media":342719,"comment_status":"closed","ping_status":"closed","sticky":false,"template":"","format":"standard","meta":{"_acf_changed":false,"footnotes":""},"categories":[161],"tags":[],"class_list":["post-342718","post","type-post","status-publish","format-standard","has-post-thumbnail","hentry","category-quadradinho-em-foco"],"acf":[],"_links":{"self":[{"href":"https:\/\/www.notibras.com\/site\/wp-json\/wp\/v2\/posts\/342718","targetHints":{"allow":["GET"]}}],"collection":[{"href":"https:\/\/www.notibras.com\/site\/wp-json\/wp\/v2\/posts"}],"about":[{"href":"https:\/\/www.notibras.com\/site\/wp-json\/wp\/v2\/types\/post"}],"author":[{"embeddable":true,"href":"https:\/\/www.notibras.com\/site\/wp-json\/wp\/v2\/users\/2"}],"replies":[{"embeddable":true,"href":"https:\/\/www.notibras.com\/site\/wp-json\/wp\/v2\/comments?post=342718"}],"version-history":[{"count":1,"href":"https:\/\/www.notibras.com\/site\/wp-json\/wp\/v2\/posts\/342718\/revisions"}],"predecessor-version":[{"id":342720,"href":"https:\/\/www.notibras.com\/site\/wp-json\/wp\/v2\/posts\/342718\/revisions\/342720"}],"wp:featuredmedia":[{"embeddable":true,"href":"https:\/\/www.notibras.com\/site\/wp-json\/wp\/v2\/media\/342719"}],"wp:attachment":[{"href":"https:\/\/www.notibras.com\/site\/wp-json\/wp\/v2\/media?parent=342718"}],"wp:term":[{"taxonomy":"category","embeddable":true,"href":"https:\/\/www.notibras.com\/site\/wp-json\/wp\/v2\/categories?post=342718"},{"taxonomy":"post_tag","embeddable":true,"href":"https:\/\/www.notibras.com\/site\/wp-json\/wp\/v2\/tags?post=342718"}],"curies":[{"name":"wp","href":"https:\/\/api.w.org\/{rel}","templated":true}]}}