{"id":342721,"date":"2024-12-08T00:01:52","date_gmt":"2024-12-08T03:01:52","guid":{"rendered":"https:\/\/www.notibras.com\/site\/?p=342721"},"modified":"2024-12-08T08:16:52","modified_gmt":"2024-12-08T11:16:52","slug":"dudu-volta-para-escrever-suas-cronicas-e-comandar-o-cafe-literario","status":"publish","type":"post","link":"https:\/\/www.notibras.com\/site\/dudu-volta-para-escrever-suas-cronicas-e-comandar-o-cafe-literario\/","title":{"rendered":"Dudu volta para escrever suas cr\u00f4nicas e comandar o Caf\u00e9 Liter\u00e1rio"},"content":{"rendered":"<p>Ap\u00f3s um breve e revigorante per\u00edodo de f\u00e9rias em Porto Alegre, Eduardo Mart\u00ednez, o Cronista N\u00famero 1, retorna a Bras\u00edlia. A cidade, com seu calor constante e seu ritmo inconfund\u00edvel, o acolheu novamente, ap\u00f3s dias de descanso ao lado de sua esposa @DonaIrene e da pequena Malulinha. Durante as f\u00e9rias, o cotidiano de Porto Alegre trouxe uma pausa tranquila, com momentos de inspira\u00e7\u00e3o para textos futuros.<\/p>\n<p>Mas a vida n\u00e3o para. Em Bras\u00edlia, o retorno de Mart\u00ednez n\u00e3o \u00e9 apenas uma volta f\u00edsica. Ele reassume, com o sempre simp\u00e1tico e dedicado Daniel Marchi &#8211; com minha pequena parcela de contribui\u00e7\u00e3o -, o comando do <em>Caf\u00e9 Liter\u00e1rio de <\/em><strong>Notibras<\/strong>, espa\u00e7o que, como o nome sugere, se dedica a debates e reflex\u00f5es liter\u00e1rias.<\/p>\n<p>O <em>Caf\u00e9 Liter\u00e1rio<\/em>, como ele costuma dizer ao lado do amigo Dan, n\u00e3o \u00e9 apenas um ponto de encontro virtual, mas uma oportunidade de aprofundar a discuss\u00e3o cultural, de trazer \u00e0 tona novos autores e de fazer o que Mart\u00ednez sabe fazer de melhor: refletir sobre o mundo ao seu redor com a leveza e as limita\u00e7\u00f5es que s\u00f3 ele pode conhecer.<\/p>\n<p>Embora o retorno \u00e0 rotina de Bras\u00edlia pare\u00e7a ser o oposto do tempo relaxante em Porto Alegre, a verdade \u00e9 que o que Mart\u00ednez carrega consigo n\u00e3o \u00e9 apenas a alegria da volta, mas a inspira\u00e7\u00e3o adquirida em sua pausa. E, como ele bem sabe, a cr\u00f4nica liter\u00e1ria n\u00e3o se faz apenas nas grandes cidades, mas tamb\u00e9m nos pequenos momentos, nos caf\u00e9s cheios de conversas e nas mem\u00f3rias constru\u00eddas a cada passo.<\/p>\n<p>Agora, ao lado de Daniel, ele est\u00e1 pronto para dar in\u00edcio a mais um cap\u00edtulo de suas cr\u00f4nicas publicadas nas janelas <em>Quadradinho em Foco<\/em> e <em>Nordeste<\/em>, sabendo que, como a vida liter\u00e1ria, as pausas tamb\u00e9m t\u00eam seu papel essencial. A hora, afirma, \u00e9 de arrega\u00e7ar as mangas, pois contistas, cronistas e poetas est\u00e3o enchendo a caixa de e-mail do <em>Caf\u00e9<\/em> <em>Liter\u00e1rio<\/em>, com p\u00e9rolas de brilho intenso.<\/p>\n","protected":false},"excerpt":{"rendered":"<p>Ap\u00f3s um breve e revigorante per\u00edodo de f\u00e9rias em Porto Alegre, Eduardo Mart\u00ednez, o Cronista N\u00famero 1, retorna a Bras\u00edlia. A cidade, com seu calor constante e seu ritmo inconfund\u00edvel, o acolheu novamente, ap\u00f3s dias de descanso ao lado de sua esposa @DonaIrene e da pequena Malulinha. Durante as f\u00e9rias, o cotidiano de Porto Alegre [&hellip;]<\/p>\n","protected":false},"author":2,"featured_media":342722,"comment_status":"closed","ping_status":"closed","sticky":false,"template":"","format":"standard","meta":{"_acf_changed":false,"footnotes":""},"categories":[161],"tags":[],"class_list":["post-342721","post","type-post","status-publish","format-standard","has-post-thumbnail","hentry","category-quadradinho-em-foco"],"acf":[],"_links":{"self":[{"href":"https:\/\/www.notibras.com\/site\/wp-json\/wp\/v2\/posts\/342721","targetHints":{"allow":["GET"]}}],"collection":[{"href":"https:\/\/www.notibras.com\/site\/wp-json\/wp\/v2\/posts"}],"about":[{"href":"https:\/\/www.notibras.com\/site\/wp-json\/wp\/v2\/types\/post"}],"author":[{"embeddable":true,"href":"https:\/\/www.notibras.com\/site\/wp-json\/wp\/v2\/users\/2"}],"replies":[{"embeddable":true,"href":"https:\/\/www.notibras.com\/site\/wp-json\/wp\/v2\/comments?post=342721"}],"version-history":[{"count":3,"href":"https:\/\/www.notibras.com\/site\/wp-json\/wp\/v2\/posts\/342721\/revisions"}],"predecessor-version":[{"id":342745,"href":"https:\/\/www.notibras.com\/site\/wp-json\/wp\/v2\/posts\/342721\/revisions\/342745"}],"wp:featuredmedia":[{"embeddable":true,"href":"https:\/\/www.notibras.com\/site\/wp-json\/wp\/v2\/media\/342722"}],"wp:attachment":[{"href":"https:\/\/www.notibras.com\/site\/wp-json\/wp\/v2\/media?parent=342721"}],"wp:term":[{"taxonomy":"category","embeddable":true,"href":"https:\/\/www.notibras.com\/site\/wp-json\/wp\/v2\/categories?post=342721"},{"taxonomy":"post_tag","embeddable":true,"href":"https:\/\/www.notibras.com\/site\/wp-json\/wp\/v2\/tags?post=342721"}],"curies":[{"name":"wp","href":"https:\/\/api.w.org\/{rel}","templated":true}]}}