{"id":342730,"date":"2024-12-08T02:14:40","date_gmt":"2024-12-08T05:14:40","guid":{"rendered":"https:\/\/www.notibras.com\/site\/?p=342730"},"modified":"2024-12-08T02:36:23","modified_gmt":"2024-12-08T05:36:23","slug":"a-flor-de-kauane-suave-como-a-brisa-do-mar","status":"publish","type":"post","link":"https:\/\/www.notibras.com\/site\/a-flor-de-kauane-suave-como-a-brisa-do-mar\/","title":{"rendered":"A flor de Kauane, suave como a brisa do mar"},"content":{"rendered":"<p>No s\u00e1bado, 7, em uma manh\u00e3 banhada pela brisa do mar, a adolescente Kauane Farias avistou pela primeira vez aquela pequena maravilha rubra brotando do cacto que resistia \u00e0s areias salgadas do litoral. Seu vermelho intenso, como uma labareda solit\u00e1ria, parecia desafiar o cinza da paisagem ao redor. Era uma flor que, embora diminuta, carregava a grandiosidade de quem nasce para ser notada.<\/p>\n<p>A vida dessa flor n\u00e3o conhece geografias. Ela floresce tanto sob o sopro \u00famido dos ventos costeiros quanto no calor abrasador do sert\u00e3o nordestino. Nos campos secos, onde o ch\u00e3o racha em veias de sede, ela tamb\u00e9m surge, como um milagre que n\u00e3o se deixa abater. \u00c9 uma ponte entre dois mundos t\u00e3o distintos, unindo a fartura do mar \u00e0 escassez da caatinga.<\/p>\n<p>No litoral, a flor \u00e9 um suspiro de delicadeza entre as dunas, uma nota vibrante em uma sinfonia de tons neutros. No sert\u00e3o, \u00e9 um grito de esperan\u00e7a, um lembrete de que a beleza pode resistir, mesmo quando tudo ao redor parece desolado. Ali, \u00e9 reverenciada como um sinal de que a vida \u00e9 teimosa, que \u00e9 poss\u00edvel florescer mesmo nos espa\u00e7os mais in\u00f3spitos.<\/p>\n<p>Kaune, conversando comigo, lembrou-me das palavras de um poeta an\u00f4nimo que certa vez escreveu: \u201cA flor do cacto \u00e9 como um cora\u00e7\u00e3o que ama, pulsando vibrante em um peito de espinhos.\u201d Nunca essas palavras fizeram tanto sentido quanto naquele momento em que a jovem viu a flor, solit\u00e1ria e triunfante, enfrentando o vento salino com a mesma dignidade com que enfrentaria o calor do sol escaldante.<\/p>\n<p>Talvez, na ess\u00eancia dessa flor, resida uma li\u00e7\u00e3o para todos n\u00f3s. Ser delicado n\u00e3o \u00e9 sin\u00f4nimo de fragilidade. Assim como ela, observa a jovem fot\u00f3grafa, que devora com os olhos livros em uma ou outra folga entre o surfar nas ondas de Xar\u00e9u, sua praia predileta, podemos guardar em nosso \u00edntimo uma beleza vibrante e, ainda assim, resistir \u00e0s adversidades, seja na calmaria da brisa ou no rigor do sert\u00e3o.<\/p>\n<p>Neste domingo, 8, quando embarco para o clima de deserto de Bras\u00edlia em curta viagem, ao lembrar daquela flor rubra do cacto, sinto que ela carrega uma ode \u00e0 resili\u00eancia. Uma can\u00e7\u00e3o muda que canta tanto aos ventos do litoral quanto ao sil\u00eancio do sert\u00e3o, ecoando a verdade de que a vida encontra formas de florescer, mesmo onde menos se espera.<\/p>\n","protected":false},"excerpt":{"rendered":"<p>No s\u00e1bado, 7, em uma manh\u00e3 banhada pela brisa do mar, a adolescente Kauane Farias avistou pela primeira vez aquela pequena maravilha rubra brotando do cacto que resistia \u00e0s areias salgadas do litoral. Seu vermelho intenso, como uma labareda solit\u00e1ria, parecia desafiar o cinza da paisagem ao redor. Era uma flor que, embora diminuta, carregava [&hellip;]<\/p>\n","protected":false},"author":2,"featured_media":342731,"comment_status":"closed","ping_status":"closed","sticky":false,"template":"","format":"standard","meta":{"_acf_changed":false,"footnotes":""},"categories":[165],"tags":[],"class_list":["post-342730","post","type-post","status-publish","format-standard","has-post-thumbnail","hentry","category-nordeste"],"acf":[],"_links":{"self":[{"href":"https:\/\/www.notibras.com\/site\/wp-json\/wp\/v2\/posts\/342730","targetHints":{"allow":["GET"]}}],"collection":[{"href":"https:\/\/www.notibras.com\/site\/wp-json\/wp\/v2\/posts"}],"about":[{"href":"https:\/\/www.notibras.com\/site\/wp-json\/wp\/v2\/types\/post"}],"author":[{"embeddable":true,"href":"https:\/\/www.notibras.com\/site\/wp-json\/wp\/v2\/users\/2"}],"replies":[{"embeddable":true,"href":"https:\/\/www.notibras.com\/site\/wp-json\/wp\/v2\/comments?post=342730"}],"version-history":[{"count":4,"href":"https:\/\/www.notibras.com\/site\/wp-json\/wp\/v2\/posts\/342730\/revisions"}],"predecessor-version":[{"id":342740,"href":"https:\/\/www.notibras.com\/site\/wp-json\/wp\/v2\/posts\/342730\/revisions\/342740"}],"wp:featuredmedia":[{"embeddable":true,"href":"https:\/\/www.notibras.com\/site\/wp-json\/wp\/v2\/media\/342731"}],"wp:attachment":[{"href":"https:\/\/www.notibras.com\/site\/wp-json\/wp\/v2\/media?parent=342730"}],"wp:term":[{"taxonomy":"category","embeddable":true,"href":"https:\/\/www.notibras.com\/site\/wp-json\/wp\/v2\/categories?post=342730"},{"taxonomy":"post_tag","embeddable":true,"href":"https:\/\/www.notibras.com\/site\/wp-json\/wp\/v2\/tags?post=342730"}],"curies":[{"name":"wp","href":"https:\/\/api.w.org\/{rel}","templated":true}]}}