{"id":342735,"date":"2024-12-08T00:00:43","date_gmt":"2024-12-08T03:00:43","guid":{"rendered":"https:\/\/www.notibras.com\/site\/?p=342735"},"modified":"2024-12-08T02:24:49","modified_gmt":"2024-12-08T05:24:49","slug":"duas-pessoas-morrem-em-batida-de-carro-com-carreta-na-br-101","status":"publish","type":"post","link":"https:\/\/www.notibras.com\/site\/duas-pessoas-morrem-em-batida-de-carro-com-carreta-na-br-101\/","title":{"rendered":"Duas pessoas morrem em batida de carro com carreta na BR 101"},"content":{"rendered":"<p>Duas pessoas morreram em um grave acidente ocorrido neste s\u00e1bado (7), em um trecho da BR-101, na altura de S\u00e3o Jos\u00e9 da Vit\u00f3ria, no sul da Bahia. As v\u00edtimas estavam em um carro que colidiu lateralmente com uma carreta.<\/p>\n<p>De acordo com informa\u00e7\u00f5es preliminares, o impacto foi violento, resultando na morte imediata dos ocupantes do ve\u00edculo menor. O motorista da carreta, por sua vez, n\u00e3o sofreu ferimentos.<\/p>\n<p>As causas do acidente ainda est\u00e3o sendo investigadas pelas autoridades competentes, e equipes de resgate foram acionadas para atender \u00e0 ocorr\u00eancia. O trecho da rodovia foi parcialmente interditado, gerando reten\u00e7\u00f5es no tr\u00e1fego local.<\/p>\n<p>A identidade das v\u00edtimas n\u00e3o foi divulgada at\u00e9 o momento, e mais informa\u00e7\u00f5es ser\u00e3o liberadas durante o andamento das investiga\u00e7\u00f5es.<\/p>\n","protected":false},"excerpt":{"rendered":"<p>Duas pessoas morreram em um grave acidente ocorrido neste s\u00e1bado (7), em um trecho da BR-101, na altura de S\u00e3o Jos\u00e9 da Vit\u00f3ria, no sul da Bahia. As v\u00edtimas estavam em um carro que colidiu lateralmente com uma carreta. De acordo com informa\u00e7\u00f5es preliminares, o impacto foi violento, resultando na morte imediata dos ocupantes do [&hellip;]<\/p>\n","protected":false},"author":2,"featured_media":342736,"comment_status":"closed","ping_status":"closed","sticky":false,"template":"","format":"standard","meta":{"_acf_changed":false,"footnotes":""},"categories":[165],"tags":[],"class_list":["post-342735","post","type-post","status-publish","format-standard","has-post-thumbnail","hentry","category-nordeste"],"acf":[],"_links":{"self":[{"href":"https:\/\/www.notibras.com\/site\/wp-json\/wp\/v2\/posts\/342735","targetHints":{"allow":["GET"]}}],"collection":[{"href":"https:\/\/www.notibras.com\/site\/wp-json\/wp\/v2\/posts"}],"about":[{"href":"https:\/\/www.notibras.com\/site\/wp-json\/wp\/v2\/types\/post"}],"author":[{"embeddable":true,"href":"https:\/\/www.notibras.com\/site\/wp-json\/wp\/v2\/users\/2"}],"replies":[{"embeddable":true,"href":"https:\/\/www.notibras.com\/site\/wp-json\/wp\/v2\/comments?post=342735"}],"version-history":[{"count":1,"href":"https:\/\/www.notibras.com\/site\/wp-json\/wp\/v2\/posts\/342735\/revisions"}],"predecessor-version":[{"id":342737,"href":"https:\/\/www.notibras.com\/site\/wp-json\/wp\/v2\/posts\/342735\/revisions\/342737"}],"wp:featuredmedia":[{"embeddable":true,"href":"https:\/\/www.notibras.com\/site\/wp-json\/wp\/v2\/media\/342736"}],"wp:attachment":[{"href":"https:\/\/www.notibras.com\/site\/wp-json\/wp\/v2\/media?parent=342735"}],"wp:term":[{"taxonomy":"category","embeddable":true,"href":"https:\/\/www.notibras.com\/site\/wp-json\/wp\/v2\/categories?post=342735"},{"taxonomy":"post_tag","embeddable":true,"href":"https:\/\/www.notibras.com\/site\/wp-json\/wp\/v2\/tags?post=342735"}],"curies":[{"name":"wp","href":"https:\/\/api.w.org\/{rel}","templated":true}]}}