{"id":342738,"date":"2024-12-08T00:00:33","date_gmt":"2024-12-08T03:00:33","guid":{"rendered":"https:\/\/www.notibras.com\/site\/?p=342738"},"modified":"2024-12-08T02:34:03","modified_gmt":"2024-12-08T05:34:03","slug":"idoso-de-70-anos-vai-a-motel-no-ceara-e-morre-de-mal-subito","status":"publish","type":"post","link":"https:\/\/www.notibras.com\/site\/idoso-de-70-anos-vai-a-motel-no-ceara-e-morre-de-mal-subito\/","title":{"rendered":"Idoso de 70 anos vai a motel no Cear\u00e1 e morre de mal s\u00fabito"},"content":{"rendered":"<p>Um homem de 70 anos faleceu no s\u00e1bado, 7, em um motel localizado na cidade de Iguatu, no interior do Cear\u00e1. Segundo informa\u00e7\u00f5es preliminares, ele teria sofrido uma parada cardiorrespirat\u00f3ria, levando \u00e0 morte s\u00fabita.<\/p>\n<p>As autoridades foram acionadas ao local, e uma equipe do Servi\u00e7o de Atendimento M\u00f3vel de Urg\u00eancia (SAMU) constatou o \u00f3bito. O corpo foi encaminhado ao Instituto M\u00e9dico Legal (IML), onde ser\u00e3o apresentados exames complementares para confirma\u00e7\u00e3o<\/p>\n<p>O caso gerou como\u00e7\u00e3o na regi\u00e3o, e familiares da v\u00edtima aguardam o resultado da per\u00edcia. N\u00e3o h\u00e1 not\u00edcias se ele estava acompanhado de uma mulher ou apenas buscando uns momentos de repouso.<\/p>\n","protected":false},"excerpt":{"rendered":"<p>Um homem de 70 anos faleceu no s\u00e1bado, 7, em um motel localizado na cidade de Iguatu, no interior do Cear\u00e1. Segundo informa\u00e7\u00f5es preliminares, ele teria sofrido uma parada cardiorrespirat\u00f3ria, levando \u00e0 morte s\u00fabita. As autoridades foram acionadas ao local, e uma equipe do Servi\u00e7o de Atendimento M\u00f3vel de Urg\u00eancia (SAMU) constatou o \u00f3bito. O [&hellip;]<\/p>\n","protected":false},"author":2,"featured_media":159302,"comment_status":"closed","ping_status":"closed","sticky":false,"template":"","format":"standard","meta":{"_acf_changed":false,"footnotes":""},"categories":[165],"tags":[],"class_list":["post-342738","post","type-post","status-publish","format-standard","has-post-thumbnail","hentry","category-nordeste"],"acf":[],"_links":{"self":[{"href":"https:\/\/www.notibras.com\/site\/wp-json\/wp\/v2\/posts\/342738","targetHints":{"allow":["GET"]}}],"collection":[{"href":"https:\/\/www.notibras.com\/site\/wp-json\/wp\/v2\/posts"}],"about":[{"href":"https:\/\/www.notibras.com\/site\/wp-json\/wp\/v2\/types\/post"}],"author":[{"embeddable":true,"href":"https:\/\/www.notibras.com\/site\/wp-json\/wp\/v2\/users\/2"}],"replies":[{"embeddable":true,"href":"https:\/\/www.notibras.com\/site\/wp-json\/wp\/v2\/comments?post=342738"}],"version-history":[{"count":1,"href":"https:\/\/www.notibras.com\/site\/wp-json\/wp\/v2\/posts\/342738\/revisions"}],"predecessor-version":[{"id":342739,"href":"https:\/\/www.notibras.com\/site\/wp-json\/wp\/v2\/posts\/342738\/revisions\/342739"}],"wp:featuredmedia":[{"embeddable":true,"href":"https:\/\/www.notibras.com\/site\/wp-json\/wp\/v2\/media\/159302"}],"wp:attachment":[{"href":"https:\/\/www.notibras.com\/site\/wp-json\/wp\/v2\/media?parent=342738"}],"wp:term":[{"taxonomy":"category","embeddable":true,"href":"https:\/\/www.notibras.com\/site\/wp-json\/wp\/v2\/categories?post=342738"},{"taxonomy":"post_tag","embeddable":true,"href":"https:\/\/www.notibras.com\/site\/wp-json\/wp\/v2\/tags?post=342738"}],"curies":[{"name":"wp","href":"https:\/\/api.w.org\/{rel}","templated":true}]}}