{"id":342741,"date":"2024-12-08T00:00:09","date_gmt":"2024-12-08T03:00:09","guid":{"rendered":"https:\/\/www.notibras.com\/site\/?p=342741"},"modified":"2024-12-08T02:44:13","modified_gmt":"2024-12-08T05:44:13","slug":"bebe-de-2-anos-morre-em-incendio-em-casa-de-pau-a-pique-em-piripiri","status":"publish","type":"post","link":"https:\/\/www.notibras.com\/site\/bebe-de-2-anos-morre-em-incendio-em-casa-de-pau-a-pique-em-piripiri\/","title":{"rendered":"Beb\u00ea de 2 anos morre em inc\u00eandio em casa de pau-a-pique em Piripiri"},"content":{"rendered":"<p>Uma crian\u00e7a de apenas dois anos perdeu a vida em um inc\u00eandio que destruiu uma casa de pau-a-pique na cidade de Piripiri, no estado do Piau\u00ed. A trag\u00e9dia ocorreu em uma resid\u00eancia humilde, que foi consumida pelas chamas em poucos minutos.<\/p>\n<p>De acordo com relatos, o fogo come\u00e7ou rapidamente e n\u00e3o ocorreu tempo suficiente para que a fam\u00edlia pudesse resgatar o beb\u00ea, que estava no sof\u00e1 da sala no momento do inc\u00eandio. As causas do fogo ainda est\u00e3o sendo investigadas pelas autoridades.<\/p>\n<p>A trag\u00e9dia ressalta a vulnerabilidade de fam\u00edlias que vivem em condi\u00e7\u00f5es prec\u00e1rias e os riscos associados a moradias desse tipo, muitas vezes constru\u00eddas com materiais inflam\u00e1veis \u200b\u200be sem estrutura adequada de seguran\u00e7a.<\/p>\n<p>A comunidade local se mobilizou para apoiar a fam\u00edlia, que perdeu tudo no inc\u00eandio. Al\u00e9m disso, organiza\u00e7\u00f5es sociais e o poder p\u00fablico est\u00e3o sendo chamados de presta\u00e7\u00e3o de assist\u00eancia emergencial.<\/p>\n","protected":false},"excerpt":{"rendered":"<p>Uma crian\u00e7a de apenas dois anos perdeu a vida em um inc\u00eandio que destruiu uma casa de pau-a-pique na cidade de Piripiri, no estado do Piau\u00ed. A trag\u00e9dia ocorreu em uma resid\u00eancia humilde, que foi consumida pelas chamas em poucos minutos. De acordo com relatos, o fogo come\u00e7ou rapidamente e n\u00e3o ocorreu tempo suficiente para [&hellip;]<\/p>\n","protected":false},"author":2,"featured_media":342742,"comment_status":"closed","ping_status":"closed","sticky":false,"template":"","format":"standard","meta":{"_acf_changed":false,"footnotes":""},"categories":[165],"tags":[],"class_list":["post-342741","post","type-post","status-publish","format-standard","has-post-thumbnail","hentry","category-nordeste"],"acf":[],"_links":{"self":[{"href":"https:\/\/www.notibras.com\/site\/wp-json\/wp\/v2\/posts\/342741","targetHints":{"allow":["GET"]}}],"collection":[{"href":"https:\/\/www.notibras.com\/site\/wp-json\/wp\/v2\/posts"}],"about":[{"href":"https:\/\/www.notibras.com\/site\/wp-json\/wp\/v2\/types\/post"}],"author":[{"embeddable":true,"href":"https:\/\/www.notibras.com\/site\/wp-json\/wp\/v2\/users\/2"}],"replies":[{"embeddable":true,"href":"https:\/\/www.notibras.com\/site\/wp-json\/wp\/v2\/comments?post=342741"}],"version-history":[{"count":1,"href":"https:\/\/www.notibras.com\/site\/wp-json\/wp\/v2\/posts\/342741\/revisions"}],"predecessor-version":[{"id":342743,"href":"https:\/\/www.notibras.com\/site\/wp-json\/wp\/v2\/posts\/342741\/revisions\/342743"}],"wp:featuredmedia":[{"embeddable":true,"href":"https:\/\/www.notibras.com\/site\/wp-json\/wp\/v2\/media\/342742"}],"wp:attachment":[{"href":"https:\/\/www.notibras.com\/site\/wp-json\/wp\/v2\/media?parent=342741"}],"wp:term":[{"taxonomy":"category","embeddable":true,"href":"https:\/\/www.notibras.com\/site\/wp-json\/wp\/v2\/categories?post=342741"},{"taxonomy":"post_tag","embeddable":true,"href":"https:\/\/www.notibras.com\/site\/wp-json\/wp\/v2\/tags?post=342741"}],"curies":[{"name":"wp","href":"https:\/\/api.w.org\/{rel}","templated":true}]}}