{"id":342770,"date":"2024-12-09T06:58:44","date_gmt":"2024-12-09T09:58:44","guid":{"rendered":"https:\/\/www.notibras.com\/site\/?p=342770"},"modified":"2024-12-09T06:59:52","modified_gmt":"2024-12-09T09:59:52","slug":"bar-do-alemao-de-um-polones-vive-monologos-com-controversias-diarias","status":"publish","type":"post","link":"https:\/\/www.notibras.com\/site\/bar-do-alemao-de-um-polones-vive-monologos-com-controversias-diarias\/","title":{"rendered":"Bar do Alem\u00e3o, de um polon\u00eas, vive mon\u00f3logos com controv\u00e9rsias di\u00e1rias"},"content":{"rendered":"<p>Aquilo foi uma surpresa para Mauro, que h\u00e1 tempos morava quase em frente ao antigo Bar do Alem\u00e3o. Bugre, o propriet\u00e1rio, branco dos olhos azuis, cuja fama de ser r\u00edspido com os fregueses corria toda a quadra e parte da Asa Norte, era de poucas palavras. A surpresa? Bem, aconteceu durante uns dos raros di\u00e1logos entre ele e o comerciante.<\/p>\n<p>\u2014 Bugre, voc\u00ea nasceu em qual regi\u00e3o da Alemanha?<\/p>\n<p>\u2014 Nunca estive na Alemanha.<\/p>\n<p>\u2014 N\u00e3o? Como assim? Voc\u00ea n\u00e3o \u00e9 alem\u00e3o?<\/p>\n<p>\u2014 Sou polon\u00eas.<\/p>\n<p>Aturdido que ficou, Mauro nem perguntou o motivo do estabelecimento se chamar Bar do Alem\u00e3o. Somente dois dias ap\u00f3s aquela conversa \u00e9 que se deu conta de tamanha incongru\u00eancia. Tanto \u00e9 que n\u00e3o resistiu e, logo pela manh\u00e3, foi at\u00e9 o local com a desculpa de comprar algumas cervejas.<\/p>\n<p>\u2014 Bugre, por que voc\u00ea escolheu o nome Bar do Alem\u00e3o?<\/p>\n<p>\u2014 Porque quis.<\/p>\n<p>\u2014 Mas n\u00e3o teve um motivo?<\/p>\n<p>\u2014 O motivo \u00e9 porque eu quis e pronto.<\/p>\n<p>Sem \u00e2nimo para discuss\u00e3o, ainda mais \u00e0quela hora da manh\u00e3, Mauro pagou pela bebida e, j\u00e1 saindo do boteco, passou pelo Chico, o gar\u00e7om.<\/p>\n<p>\u2014 Mauro, n\u00e3o leve pro lado pessoal. \u00c9 que o Bugre \u00e9 que nem pimenta.<\/p>\n<p>\u2014 Que nem pimenta?<\/p>\n<p>\u2014 Sim. \u00c9 que poucos gostam e quase ningu\u00e9m aguenta. Mas ningu\u00e9m deixa de vir aqui por conta dessas bobagens.<\/p>\n<p>&#8230;&#8230;&#8230;&#8230;&#8230;&#8230;&#8230;.<\/p>\n<p>*<strong>Eduardo Mart\u00ednez \u00e9 autor do livro \u201c57 Contos e Cr\u00f4nicas por um Autor muito Velho\u201d.<\/strong><\/p>\n<div class=\"mvp-post-soc-in\">\n<div id=\"mvp-content-body\" class=\"left relative\">\n<div id=\"mvp-content-body-top\" class=\"left relative\">\n<div id=\"mvp-content-main\" class=\"left relative\">\n<p>Compre aqui\u00a0<span class=\"x19la9d6 x1fc57z9 x6ikm8r x10wlt62 x19co3pv x1g5zs5t xfibh0p xiy17q3 x1xsqp64 x1lkfr7t xexx8yu x4uap5 x18d9i69 xkhd6sd\"><span class=\"xrtxmta x1bhl96m\"><img decoding=\"async\" class=\"emoji\" role=\"img\" draggable=\"false\" src=\"https:\/\/s.w.org\/images\/core\/emoji\/14.0.0\/svg\/1f447-1f3ff.svg\" alt=\"&#x1f447;&#x1f3ff;\" \/><\/span><\/span><span class=\"x19la9d6 x1fc57z9 x6ikm8r x10wlt62 x19co3pv x1g5zs5t xfibh0p xiy17q3 x1xsqp64 x1lkfr7t xexx8yu x4uap5 x18d9i69 xkhd6sd\"><span class=\"xrtxmta x1bhl96m\"><img decoding=\"async\" class=\"emoji\" role=\"img\" draggable=\"false\" src=\"https:\/\/s.w.org\/images\/core\/emoji\/14.0.0\/svg\/1f447-1f3ff.svg\" alt=\"&#x1f447;&#x1f3ff;\" \/><\/span><\/span><span class=\"x19la9d6 x1fc57z9 x6ikm8r x10wlt62 x19co3pv x1g5zs5t xfibh0p xiy17q3 x1xsqp64 x1lkfr7t xexx8yu x4uap5 x18d9i69 xkhd6sd\"><span class=\"xrtxmta x1bhl96m\"><img decoding=\"async\" class=\"emoji\" role=\"img\" draggable=\"false\" src=\"https:\/\/s.w.org\/images\/core\/emoji\/14.0.0\/svg\/1f447-1f3ff.svg\" alt=\"&#x1f447;&#x1f3ff;\" \/><\/span><\/span><\/p>\n<p><a href=\"http:\/\/www.joanineditora.com.br\/57-contos-e-cronicas-por-um-autor-muito-velho\">http:\/\/www.joanineditora.com.br\/57-contos-e-cronicas-por-um-autor-muito-velho<\/a><\/p>\n<\/div>\n<\/div>\n<\/div>\n<\/div>\n","protected":false},"excerpt":{"rendered":"<p>Aquilo foi uma surpresa para Mauro, que h\u00e1 tempos morava quase em frente ao antigo Bar do Alem\u00e3o. Bugre, o propriet\u00e1rio, branco dos olhos azuis, cuja fama de ser r\u00edspido com os fregueses corria toda a quadra e parte da Asa Norte, era de poucas palavras. A surpresa? Bem, aconteceu durante uns dos raros di\u00e1logos [&hellip;]<\/p>\n","protected":false},"author":2,"featured_media":342772,"comment_status":"closed","ping_status":"closed","sticky":false,"template":"","format":"standard","meta":{"_acf_changed":false,"footnotes":""},"categories":[161],"tags":[],"class_list":["post-342770","post","type-post","status-publish","format-standard","has-post-thumbnail","hentry","category-quadradinho-em-foco"],"acf":[],"_links":{"self":[{"href":"https:\/\/www.notibras.com\/site\/wp-json\/wp\/v2\/posts\/342770","targetHints":{"allow":["GET"]}}],"collection":[{"href":"https:\/\/www.notibras.com\/site\/wp-json\/wp\/v2\/posts"}],"about":[{"href":"https:\/\/www.notibras.com\/site\/wp-json\/wp\/v2\/types\/post"}],"author":[{"embeddable":true,"href":"https:\/\/www.notibras.com\/site\/wp-json\/wp\/v2\/users\/2"}],"replies":[{"embeddable":true,"href":"https:\/\/www.notibras.com\/site\/wp-json\/wp\/v2\/comments?post=342770"}],"version-history":[{"count":1,"href":"https:\/\/www.notibras.com\/site\/wp-json\/wp\/v2\/posts\/342770\/revisions"}],"predecessor-version":[{"id":342771,"href":"https:\/\/www.notibras.com\/site\/wp-json\/wp\/v2\/posts\/342770\/revisions\/342771"}],"wp:featuredmedia":[{"embeddable":true,"href":"https:\/\/www.notibras.com\/site\/wp-json\/wp\/v2\/media\/342772"}],"wp:attachment":[{"href":"https:\/\/www.notibras.com\/site\/wp-json\/wp\/v2\/media?parent=342770"}],"wp:term":[{"taxonomy":"category","embeddable":true,"href":"https:\/\/www.notibras.com\/site\/wp-json\/wp\/v2\/categories?post=342770"},{"taxonomy":"post_tag","embeddable":true,"href":"https:\/\/www.notibras.com\/site\/wp-json\/wp\/v2\/tags?post=342770"}],"curies":[{"name":"wp","href":"https:\/\/api.w.org\/{rel}","templated":true}]}}