{"id":342776,"date":"2024-12-09T00:00:04","date_gmt":"2024-12-09T03:00:04","guid":{"rendered":"https:\/\/www.notibras.com\/site\/?p=342776"},"modified":"2024-12-09T07:58:44","modified_gmt":"2024-12-09T10:58:44","slug":"joel-dono-de-bar-sumido-por-48-horas-e-encontrado-morto-em-teresina","status":"publish","type":"post","link":"https:\/\/www.notibras.com\/site\/joel-dono-de-bar-sumido-por-48-horas-e-encontrado-morto-em-teresina\/","title":{"rendered":"Joel, dono de bar sumido por 48 horas, \u00e9 encontrado morto em Teresina"},"content":{"rendered":"<p>Joel de Medeiros Carvalho, de 44 anos, foi encontrado morto em um terreno no conjunto Jacinta Andrade, no bairro Parque Brasil, na regi\u00e3o da Santa Maria da Codipi.<\/p>\n<p>Ele era dono do Cabana&#8217;s Bar, bastante frequentado no bairro Santa Rosa, e estava desaparecido desde a quinta-feira (5).<\/p>\n<p>Joel tinha marcas de perfura\u00e7\u00e3o no pesco\u00e7o e no peito. Entretanto, por conta do estado em que o corpo foi encontrado, n\u00e3o foi poss\u00edvel saber como foram causados os ferimentos.<\/p>\n","protected":false},"excerpt":{"rendered":"<p>Joel de Medeiros Carvalho, de 44 anos, foi encontrado morto em um terreno no conjunto Jacinta Andrade, no bairro Parque Brasil, na regi\u00e3o da Santa Maria da Codipi. Ele era dono do Cabana&#8217;s Bar, bastante frequentado no bairro Santa Rosa, e estava desaparecido desde a quinta-feira (5). Joel tinha marcas de perfura\u00e7\u00e3o no pesco\u00e7o e [&hellip;]<\/p>\n","protected":false},"author":2,"featured_media":342777,"comment_status":"closed","ping_status":"closed","sticky":false,"template":"","format":"standard","meta":{"_acf_changed":false,"footnotes":""},"categories":[165],"tags":[],"class_list":["post-342776","post","type-post","status-publish","format-standard","has-post-thumbnail","hentry","category-nordeste"],"acf":[],"_links":{"self":[{"href":"https:\/\/www.notibras.com\/site\/wp-json\/wp\/v2\/posts\/342776","targetHints":{"allow":["GET"]}}],"collection":[{"href":"https:\/\/www.notibras.com\/site\/wp-json\/wp\/v2\/posts"}],"about":[{"href":"https:\/\/www.notibras.com\/site\/wp-json\/wp\/v2\/types\/post"}],"author":[{"embeddable":true,"href":"https:\/\/www.notibras.com\/site\/wp-json\/wp\/v2\/users\/2"}],"replies":[{"embeddable":true,"href":"https:\/\/www.notibras.com\/site\/wp-json\/wp\/v2\/comments?post=342776"}],"version-history":[{"count":2,"href":"https:\/\/www.notibras.com\/site\/wp-json\/wp\/v2\/posts\/342776\/revisions"}],"predecessor-version":[{"id":342779,"href":"https:\/\/www.notibras.com\/site\/wp-json\/wp\/v2\/posts\/342776\/revisions\/342779"}],"wp:featuredmedia":[{"embeddable":true,"href":"https:\/\/www.notibras.com\/site\/wp-json\/wp\/v2\/media\/342777"}],"wp:attachment":[{"href":"https:\/\/www.notibras.com\/site\/wp-json\/wp\/v2\/media?parent=342776"}],"wp:term":[{"taxonomy":"category","embeddable":true,"href":"https:\/\/www.notibras.com\/site\/wp-json\/wp\/v2\/categories?post=342776"},{"taxonomy":"post_tag","embeddable":true,"href":"https:\/\/www.notibras.com\/site\/wp-json\/wp\/v2\/tags?post=342776"}],"curies":[{"name":"wp","href":"https:\/\/api.w.org\/{rel}","templated":true}]}}