{"id":342783,"date":"2024-12-09T08:55:32","date_gmt":"2024-12-09T11:55:32","guid":{"rendered":"https:\/\/www.notibras.com\/site\/?p=342783"},"modified":"2024-12-09T08:56:49","modified_gmt":"2024-12-09T11:56:49","slug":"corte-no-fundo-constitucional-pode-manchar-nossa-imagem-no-campo-diplomatico","status":"publish","type":"post","link":"https:\/\/www.notibras.com\/site\/corte-no-fundo-constitucional-pode-manchar-nossa-imagem-no-campo-diplomatico\/","title":{"rendered":"Corte no Fundo Constitucional pode manchar nossa imagem no campo diplom\u00e1tico"},"content":{"rendered":"<p>O debate em torno do corte no Fundo Constitucional do Distrito Federal (FCDF) transcende as fronteiras locais e amea\u00e7a a reputa\u00e7\u00e3o do Brasil no cen\u00e1rio internacional. Com 170 representa\u00e7\u00f5es diplom\u00e1ticas, organismos internacionais e mais de 1.500 diplomatas vivendo em Bras\u00edlia, a capital brasileira \u00e9 muito mais do que uma simples sede administrativa; \u00e9 uma vitrine para o mundo. A proposta de reduzir os recursos destinados \u00e0 manuten\u00e7\u00e3o da seguran\u00e7a, sa\u00fade e infraestrutura do DF, apresentada pelo governo federal, pode desencadear consequ\u00eancias que ultrapassam o impacto sobre os moradores locais, afetando diretamente as rela\u00e7\u00f5es diplom\u00e1ticas e a imagem do pa\u00eds.<\/p>\n<p>Criado em 2003, o FCDF \u00e9 vital para garantir servi\u00e7os p\u00fablicos que atendem tanto \u00e0 popula\u00e7\u00e3o quanto \u00e0s necessidades de uma cidade que desempenha um papel estrat\u00e9gico globalmente. O fundo financia \u00e1reas essenciais como seguran\u00e7a p\u00fablica, sa\u00fade e educa\u00e7\u00e3o, todas indispens\u00e1veis para a opera\u00e7\u00e3o de embaixadas e organismos internacionais. A proposta de alterar o crit\u00e9rio de reajuste do fundo, substituindo a Receita Corrente L\u00edquida (RCL) pelo \u00cdndice Nacional de Pre\u00e7os ao Consumidor Amplo (IPCA), pode levar a uma redu\u00e7\u00e3o significativa de recursos. Essa revis\u00e3o, colocada em pauta novamente, desconsidera o consenso alcan\u00e7ado em 2023, quando, ap\u00f3s intenso debate, os recursos foram mantidos.<\/p>\n<p>Bras\u00edlia abriga embaixadas, consulados e escrit\u00f3rios de organismos internacionais que dependem de servi\u00e7os p\u00fablicos de qualidade para operar eficazmente. Um corte no fundo comprometeria a seguran\u00e7a p\u00fablica, uma das \u00e1reas mais sens\u00edveis para essas representa\u00e7\u00f5es. A prote\u00e7\u00e3o diplom\u00e1tica, o policiamento ostensivo e a capacidade de resposta r\u00e1pida a emerg\u00eancias s\u00e3o cruciais para a confian\u00e7a das na\u00e7\u00f5es representadas no Brasil. Qualquer enfraquecimento nesse sistema pode levar a questionamentos sobre a capacidade do Brasil de cumprir suas obriga\u00e7\u00f5es como anfitri\u00e3o da comunidade diplom\u00e1tica global.<\/p>\n<p>Al\u00e9m da seguran\u00e7a, a redu\u00e7\u00e3o dos servi\u00e7os de sa\u00fade e infraestrutura urbana tamb\u00e9m impactaria diretamente a qualidade de vida dos diplomatas e suas fam\u00edlias. A percep\u00e7\u00e3o de que Bras\u00edlia n\u00e3o oferece condi\u00e7\u00f5es adequadas para acolher representa\u00e7\u00f5es estrangeiras pode levar \u00e0 redu\u00e7\u00e3o de opera\u00e7\u00f5es ou at\u00e9 mesmo ao afastamento de representantes internacionais. Isso afetaria n\u00e3o apenas as rela\u00e7\u00f5es diplom\u00e1ticas, mas tamb\u00e9m a din\u00e2mica de com\u00e9rcio exterior e coopera\u00e7\u00e3o internacional, \u00e1reas cruciais para o desenvolvimento do pa\u00eds.<\/p>\n<p>Ao retomar um tema j\u00e1 amplamente debatido e resolvido em 2023, o governo federal transmite um sinal de instabilidade. A proposta de revis\u00e3o do FCDF reflete um descompromisso n\u00e3o apenas com os moradores do DF, mas tamb\u00e9m com as responsabilidades internacionais do Brasil. Personalidades p\u00fablicas, como o ex-presidente Jos\u00e9 Sarney, j\u00e1 destacaram que o fundo \u00e9 uma &#8220;causa nacional&#8221; e que preserv\u00e1-lo \u00e9 essencial para garantir a funcionalidade da capital e a estabilidade do pa\u00eds. Tal revis\u00e3o, al\u00e9m de prejudicar servi\u00e7os essenciais, representa uma afronta ao status de Bras\u00edlia como s\u00edmbolo de modernidade e unidade nacional.<\/p>\n<p>Bras\u00edlia \u00e9 mais do que a capital do Brasil; \u00e9 o cora\u00e7\u00e3o diplom\u00e1tico do pa\u00eds e uma das poucas capitais planejadas do mundo. A deteriora\u00e7\u00e3o de seus servi\u00e7os p\u00fablicos envia ao mundo uma mensagem de descaso e falta de compromisso com as responsabilidades de um ator global. O corte no Fundo Constitucional amea\u00e7a essa imagem e pode enfraquecer a posi\u00e7\u00e3o do Brasil como pot\u00eancia emergente e l\u00edder regional. O governo federal precisa reavaliar essa proposta, considerando n\u00e3o apenas os impactos locais, mas tamb\u00e9m as repercuss\u00f5es globais. Proteger Bras\u00edlia n\u00e3o \u00e9 apenas uma quest\u00e3o administrativa; \u00e9 uma estrat\u00e9gia essencial para garantir a influ\u00eancia e o respeito do Brasil no cen\u00e1rio internacional.<\/p>\n<p>&#8230;&#8230;&#8230;&#8230;&#8230;..<\/p>\n<p><strong>*Paco Britto \u00e9 secret\u00e1rio de Rela\u00e7\u00f5es Internacionais do Governo do Distrito Federal; foi vice governador de 2018 a 2022<\/strong><\/p>\n","protected":false},"excerpt":{"rendered":"<p>O debate em torno do corte no Fundo Constitucional do Distrito Federal (FCDF) transcende as fronteiras locais e amea\u00e7a a reputa\u00e7\u00e3o do Brasil no cen\u00e1rio internacional. Com 170 representa\u00e7\u00f5es diplom\u00e1ticas, organismos internacionais e mais de 1.500 diplomatas vivendo em Bras\u00edlia, a capital brasileira \u00e9 muito mais do que uma simples sede administrativa; \u00e9 uma vitrine [&hellip;]<\/p>\n","protected":false},"author":2,"featured_media":97563,"comment_status":"closed","ping_status":"closed","sticky":false,"template":"","format":"standard","meta":{"_acf_changed":false,"footnotes":""},"categories":[161],"tags":[],"class_list":["post-342783","post","type-post","status-publish","format-standard","has-post-thumbnail","hentry","category-quadradinho-em-foco"],"acf":[],"_links":{"self":[{"href":"https:\/\/www.notibras.com\/site\/wp-json\/wp\/v2\/posts\/342783","targetHints":{"allow":["GET"]}}],"collection":[{"href":"https:\/\/www.notibras.com\/site\/wp-json\/wp\/v2\/posts"}],"about":[{"href":"https:\/\/www.notibras.com\/site\/wp-json\/wp\/v2\/types\/post"}],"author":[{"embeddable":true,"href":"https:\/\/www.notibras.com\/site\/wp-json\/wp\/v2\/users\/2"}],"replies":[{"embeddable":true,"href":"https:\/\/www.notibras.com\/site\/wp-json\/wp\/v2\/comments?post=342783"}],"version-history":[{"count":2,"href":"https:\/\/www.notibras.com\/site\/wp-json\/wp\/v2\/posts\/342783\/revisions"}],"predecessor-version":[{"id":342785,"href":"https:\/\/www.notibras.com\/site\/wp-json\/wp\/v2\/posts\/342783\/revisions\/342785"}],"wp:featuredmedia":[{"embeddable":true,"href":"https:\/\/www.notibras.com\/site\/wp-json\/wp\/v2\/media\/97563"}],"wp:attachment":[{"href":"https:\/\/www.notibras.com\/site\/wp-json\/wp\/v2\/media?parent=342783"}],"wp:term":[{"taxonomy":"category","embeddable":true,"href":"https:\/\/www.notibras.com\/site\/wp-json\/wp\/v2\/categories?post=342783"},{"taxonomy":"post_tag","embeddable":true,"href":"https:\/\/www.notibras.com\/site\/wp-json\/wp\/v2\/tags?post=342783"}],"curies":[{"name":"wp","href":"https:\/\/api.w.org\/{rel}","templated":true}]}}