{"id":342835,"date":"2024-12-10T07:16:37","date_gmt":"2024-12-10T10:16:37","guid":{"rendered":"https:\/\/www.notibras.com\/site\/?p=342835"},"modified":"2024-12-10T07:16:37","modified_gmt":"2024-12-10T10:16:37","slug":"nordestino-amanhece-fazendo-romaria-e-orando-pela-saude-do-presidente","status":"publish","type":"post","link":"https:\/\/www.notibras.com\/site\/nordestino-amanhece-fazendo-romaria-e-orando-pela-saude-do-presidente\/","title":{"rendered":"Nordestino amanhece fazendo romaria e orando pela sa\u00fade do presidente"},"content":{"rendered":"<p>As portas da manh\u00e3 desta ter\u00e7a-feira, 10, se abriram com um susto que chegou mais r\u00e1pido que a brisa do sert\u00e3o: o presidente Luiz In\u00e1cio Lula da Silva, \u00edcone da esperan\u00e7a nordestina e do Brasil, havia sido submetido a uma cirurgia cerebral de emerg\u00eancia. A not\u00edcia, como um trov\u00e3o em c\u00e9u claro, reverberou do litoral baiano at\u00e9 o sert\u00e3o long\u00ednquo do Maranh\u00e3o.<\/p>\n<p>Nas pra\u00e7as de Salvador, no meio ao calor da Bahia de Todos os Santos, as velhas rezadeiras interromperam seus trabalhos, entoando ladainhas enquanto acendiam velas para Nosso Senhor do Bonfim. \u201cEle \u00e9 dos nossos\u201d, repetiam as vozes firmes e transmitidas de f\u00e9.<\/p>\n<p>No Recife, nas escadas da Capela Dourada, jovens e idosos se reuniram em ora\u00e7\u00e3o, unidos pela admira\u00e7\u00e3o por aquele que sempre olhou para o povo com o cora\u00e7\u00e3o aberto.<\/p>\n<p>E em Juazeiro do Norte, sob a ben\u00e7\u00e3o do Padre C\u00edcero Rom\u00e3o Batista, romeiros se multiplicaram. Chap\u00e9us de palha e ter\u00e7os em m\u00e3os, uma multid\u00e3o caminhava, fazendo promessas pela recupera\u00e7\u00e3o do presidente. Alguns se ajoelharam pelo caminho, outros carregaram cruzes simbolizando a for\u00e7a de um povo que nunca desistiu.<\/p>\n<p>As r\u00e1dios locais, sempre sintonizadas ao esp\u00edrito do povo, dedicaram-se \u00e0 divulga\u00e7\u00e3o de boletins m\u00e9dicos e ora\u00e7\u00f5es. Cada palavra de otimismo foi recebida com um \u201cAm\u00e9m\u201d un\u00edssono.<\/p>\n<p>O Nordeste pulsa em uma s\u00f3 alma, clamando pelo homem que representa o suor e a dignidade de quem planta e colhe a vida no solo \u00e1rido.<\/p>\n<p>O dia ser\u00e1 de ora\u00e7\u00f5es e a noite, espera-se, vai chegar com a esperan\u00e7a renovada. Em toda a regi\u00e3o o c\u00e9u vai se encher de estrelas, como um lembrete de que, para cada desafio, h\u00e1 uma luz que guia. E como as chamas das velas, toda luz estar\u00e1 direcionada ao l\u00edder que, mesmo distante, permanece t\u00e3o perto do cora\u00e7\u00e3o nordestino.<\/p>\n","protected":false},"excerpt":{"rendered":"<p>As portas da manh\u00e3 desta ter\u00e7a-feira, 10, se abriram com um susto que chegou mais r\u00e1pido que a brisa do sert\u00e3o: o presidente Luiz In\u00e1cio Lula da Silva, \u00edcone da esperan\u00e7a nordestina e do Brasil, havia sido submetido a uma cirurgia cerebral de emerg\u00eancia. A not\u00edcia, como um trov\u00e3o em c\u00e9u claro, reverberou do litoral [&hellip;]<\/p>\n","protected":false},"author":2,"featured_media":342836,"comment_status":"closed","ping_status":"closed","sticky":false,"template":"","format":"standard","meta":{"_acf_changed":false,"footnotes":""},"categories":[165],"tags":[],"class_list":["post-342835","post","type-post","status-publish","format-standard","has-post-thumbnail","hentry","category-nordeste"],"acf":[],"_links":{"self":[{"href":"https:\/\/www.notibras.com\/site\/wp-json\/wp\/v2\/posts\/342835","targetHints":{"allow":["GET"]}}],"collection":[{"href":"https:\/\/www.notibras.com\/site\/wp-json\/wp\/v2\/posts"}],"about":[{"href":"https:\/\/www.notibras.com\/site\/wp-json\/wp\/v2\/types\/post"}],"author":[{"embeddable":true,"href":"https:\/\/www.notibras.com\/site\/wp-json\/wp\/v2\/users\/2"}],"replies":[{"embeddable":true,"href":"https:\/\/www.notibras.com\/site\/wp-json\/wp\/v2\/comments?post=342835"}],"version-history":[{"count":1,"href":"https:\/\/www.notibras.com\/site\/wp-json\/wp\/v2\/posts\/342835\/revisions"}],"predecessor-version":[{"id":342837,"href":"https:\/\/www.notibras.com\/site\/wp-json\/wp\/v2\/posts\/342835\/revisions\/342837"}],"wp:featuredmedia":[{"embeddable":true,"href":"https:\/\/www.notibras.com\/site\/wp-json\/wp\/v2\/media\/342836"}],"wp:attachment":[{"href":"https:\/\/www.notibras.com\/site\/wp-json\/wp\/v2\/media?parent=342835"}],"wp:term":[{"taxonomy":"category","embeddable":true,"href":"https:\/\/www.notibras.com\/site\/wp-json\/wp\/v2\/categories?post=342835"},{"taxonomy":"post_tag","embeddable":true,"href":"https:\/\/www.notibras.com\/site\/wp-json\/wp\/v2\/tags?post=342835"}],"curies":[{"name":"wp","href":"https:\/\/api.w.org\/{rel}","templated":true}]}}