{"id":342845,"date":"2024-12-10T07:45:16","date_gmt":"2024-12-10T10:45:16","guid":{"rendered":"https:\/\/www.notibras.com\/site\/?p=342845"},"modified":"2024-12-10T07:46:45","modified_gmt":"2024-12-10T10:46:45","slug":"mais-que-coincidencia-tradicao-de-avo-para-neto","status":"publish","type":"post","link":"https:\/\/www.notibras.com\/site\/mais-que-coincidencia-tradicao-de-avo-para-neto\/","title":{"rendered":"Mais que coincid\u00eancia, tradi\u00e7\u00e3o de av\u00f4 para neto"},"content":{"rendered":"<p>Roberto, Roberto Filho e Roberto Neto possu\u00edam uma singularidade. Os tr\u00eas, por conta desses acasos improv\u00e1veis, comemoravam anivers\u00e1rio no mesmo dia: 4 de abril. Obviamente que, por conta do primeiro ser pai do segundo, que, por conseguinte, era o genitor do terceiro, suas idades eram separadas por algumas somas de anos, mais precisamente de 28, sendo que hoje, neste exato momento, ostentam 93, 65 e 37.<\/p>\n<p>Apesar dessas coincid\u00eancias, algo ainda mais forte unia aqueles homens, que ia muito al\u00e9m de parentescos ou poss\u00edveis mapas astrais. Sim, uma coisa que ningu\u00e9m ousaria contestar, haja vista se tratar de tradi\u00e7\u00e3o. Exatamente assim! Tradi\u00e7\u00e3o de serem todos, do primeiro ao terceiro, passando pelo segundo, torcedores apaixonados do Colorado. Isso como se fosse poss\u00edvel n\u00e3o serem colorados e apaixonados, o maior dos pleonasmos quando o assunto \u00e9 futebol.<\/p>\n<p>A despeito desse amor pelo Internacional, cada um possu\u00eda um \u00eddolo diferente, o que causava at\u00e9 certa disc\u00f3rdia. O mais velho dos tr\u00eas, o Robert\u00e3o, cismava que ningu\u00e9m teria sido t\u00e3o bom quanto o Tesourinha. O velho afirmava, sem medo de ser ridicularizado, que o antigo craque fora melhor at\u00e9 que Garrincha. Isso mesmo! O Garrincha! E ai de quem discordasse! Sobrava cobras e lagartos para os mais novos.<\/p>\n<p>Quanto ao do meio, o Roberto, n\u00e3o restava d\u00favida de que o maioral havia sido mesmo o Falc\u00e3o. Pois \u00e9, muito antes de se tornar o Rei de Roma, o craque fez hist\u00f3ria no Internacional. Roberto, empertigado ao m\u00e1ximo, erguia o bra\u00e7o direito e j\u00e1 tirava uma folha dobrada de sua carteira. Queria porque queria l\u00ea-la para quem desejasse ouvi-lo. Verdade seja dita, o homem nem precisava do lembrete, pois j\u00e1 sabia de cor e salteado todo aquele amontoado de palavras.<\/p>\n<p>\u2014 O Falc\u00e3o comandou aquele tima\u00e7o do Inter, que ganhou tudo! Tudo! S\u00f3 de campeonatos brasileiros foram tr\u00eas. Tr\u00eas! E o de 1979 foi invicto! Invicto!!! Gauch\u00e3o nem se fala o tanto que foi. Aos montes! Capaz!<\/p>\n<p>Ao terceiro, o Robertinho, cabia-lhe ouvir o inflamado discurso do pai. Ele sabia que o Falc\u00e3o havia sido um dos maiores jogadores da hist\u00f3ria do Colorado. Tamb\u00e9m concordava com o av\u00f4, apaixonado que era pelo Tesourinha. Uma lenda! Maior que o Garrincha, sim, senhor! Todavia, o melhor de todos era, sem sombra de d\u00favida, o Fernand\u00e3o! Ah, com ele at\u00e9 o Pel\u00e9 passaria maus bocados. Tanto \u00e9 que fizeram uma est\u00e1tua para ele. Justamente na entrada do Beira-Rio, que \u00e9 para todo mundo passar pelo Fernand\u00e3o e saudar o grande \u00eddolo do Internacional.<\/p>\n<p>Pois bem, aqueles tr\u00eas homens passaram pelo monumento em homenagem ao \u00eddolo tragicamente morto e entraram no mais lindo est\u00e1dio do Rio Grande do Sul. Caminharam at\u00e9 o local de costume, onde se sentaram para assistir a mais uma partida do escrete favorito. Sentiram-se em casa, a primeira casa. Isso mesmo! Pois o torcedor colorado j\u00e1 \u00e9 colorado ainda no ventre da m\u00e3e.<\/p>\n<p>N\u00e3o tardou, l\u00e1 estavam os jogadores, todos devidamente trajados com o manto vermelho e branco, pisando o gramado. Os atletas foram saudados com euforia pelo p\u00fablico, que, naquele dia, tomava conta de todas as cadeiras. No entanto, um deles, em especial, mereceu ser aplaudido com um entusiasmo fora do comum, inclusive pelos tr\u00eas Robertos: D&#8217;Alessandro.<\/p>\n<p>Final de jogo, a euforia ainda tomava conta de av\u00f4, pai e neto. N\u00e3o era para menos, j\u00e1 que o craque argentino, de primeira, marcou um gola\u00e7o do bico da \u00e1rea, sacramentando mais uma vit\u00f3ria do Inter. O trio pegou o caminho de volta, mas, quase chegando ao lar, doce lar, foi atra\u00eddo por uma pequena multid\u00e3o, que comemorava no Bar do Vav\u00e1, ali mesmo no bairro Menino Deus.<\/p>\n<p>N\u00e3o se sabe ao certo a hora em que os homens voltaram para as respectivas casas. Entretanto, todos retornaram, pois, no dia seguinte, uma segunda-feira, Roberto e Robertinho foram trabalhar. Quanto ao Robert\u00e3o, com um sorriso nos l\u00e1bios, havia preparado um caf\u00e9 da manh\u00e3 caprichado para a esposa, Sarah.<\/p>\n<p>A semana passou ligeira, at\u00e9 que chegou a t\u00e3o esperada sexta-feira. Robert\u00e3o telefonou para o filho e o neto a fim de intim\u00e1-los a comparecer ao churrasco em sua resid\u00eancia no dia seguinte. Ga\u00fachos que s\u00e3o, aceitaram de bom grado a obriga\u00e7\u00e3o.<\/p>\n<p>A churrascada estava animada, quando, ent\u00e3o, Lisiane, esposa do Robertinho, anunciou que estava esperando beb\u00ea. Foi aquela alegria. Nem o enjoo da gr\u00e1vida, que correu para o banheiro a fim de n\u00e3o vomitar diante da parentada, foi motivo de preocupa\u00e7\u00e3o. N\u00e3o era marinheira de primeira viagem, estava ciente do protocolo. Mais um rebento na fam\u00edlia.<\/p>\n<p>Os dias se transformaram em semanas, que, somadas, viraram meses. E l\u00e1 estavam Lisiane e o marido na en\u00e9sima consulta com a obstetra. Dia de ecografia. Que empolga\u00e7\u00e3o para ver aquele ser que se formava. A m\u00e9dica passou o gel sobre a barriga da mulher e, em seguida, repousou o transdutor. Mexe daqui, mexe dali, a doutora parou de repente e sorriu.<\/p>\n<p>\u2014 Querem saber se \u00e9 menina ou menino?<\/p>\n<p>\u2014 \u00c9 Colorado!!! &#8211; o casal respondeu de pronto.<\/p>\n<p>&#8230;&#8230;&#8230;&#8230;&#8230;&#8230;&#8230;..<\/p>\n<p>*<strong>Eduardo Mart\u00ednez \u00e9 autor do livro \u201c57 Contos e Cr\u00f4nicas por um Autor muito Velho\u201d.<\/strong><\/p>\n<div class=\"mvp-post-soc-in\">\n<div id=\"mvp-content-body\" class=\"left relative\">\n<div id=\"mvp-content-body-top\" class=\"left relative\">\n<div id=\"mvp-content-main\" class=\"left relative\">\n<p>Compre aqui\u00a0<span class=\"x19la9d6 x1fc57z9 x6ikm8r x10wlt62 x19co3pv x1g5zs5t xfibh0p xiy17q3 x1xsqp64 x1lkfr7t xexx8yu x4uap5 x18d9i69 xkhd6sd\"><span class=\"xrtxmta x1bhl96m\"><img decoding=\"async\" class=\"emoji\" role=\"img\" draggable=\"false\" src=\"https:\/\/s.w.org\/images\/core\/emoji\/14.0.0\/svg\/1f447-1f3ff.svg\" alt=\"&#x1f447;&#x1f3ff;\" \/><\/span><\/span><span class=\"x19la9d6 x1fc57z9 x6ikm8r x10wlt62 x19co3pv x1g5zs5t xfibh0p xiy17q3 x1xsqp64 x1lkfr7t xexx8yu x4uap5 x18d9i69 xkhd6sd\"><span class=\"xrtxmta x1bhl96m\"><img decoding=\"async\" class=\"emoji\" role=\"img\" draggable=\"false\" src=\"https:\/\/s.w.org\/images\/core\/emoji\/14.0.0\/svg\/1f447-1f3ff.svg\" alt=\"&#x1f447;&#x1f3ff;\" \/><\/span><\/span><span class=\"x19la9d6 x1fc57z9 x6ikm8r x10wlt62 x19co3pv x1g5zs5t xfibh0p xiy17q3 x1xsqp64 x1lkfr7t xexx8yu x4uap5 x18d9i69 xkhd6sd\"><span class=\"xrtxmta x1bhl96m\"><img decoding=\"async\" class=\"emoji\" role=\"img\" draggable=\"false\" src=\"https:\/\/s.w.org\/images\/core\/emoji\/14.0.0\/svg\/1f447-1f3ff.svg\" alt=\"&#x1f447;&#x1f3ff;\" \/><\/span><\/span><\/p>\n<p><a href=\"http:\/\/www.joanineditora.com.br\/57-contos-e-cronicas-por-um-autor-muito-velho\">http:\/\/www.joanineditora.com.br\/57-contos-e-cronicas-por-um-autor-muito-velho<\/a><\/p>\n<\/div>\n<\/div>\n<\/div>\n<\/div>\n","protected":false},"excerpt":{"rendered":"<p>Roberto, Roberto Filho e Roberto Neto possu\u00edam uma singularidade. Os tr\u00eas, por conta desses acasos improv\u00e1veis, comemoravam anivers\u00e1rio no mesmo dia: 4 de abril. Obviamente que, por conta do primeiro ser pai do segundo, que, por conseguinte, era o genitor do terceiro, suas idades eram separadas por algumas somas de anos, mais precisamente de 28, [&hellip;]<\/p>\n","protected":false},"author":2,"featured_media":342846,"comment_status":"closed","ping_status":"closed","sticky":false,"template":"","format":"standard","meta":{"_acf_changed":false,"footnotes":""},"categories":[161],"tags":[],"class_list":["post-342845","post","type-post","status-publish","format-standard","has-post-thumbnail","hentry","category-quadradinho-em-foco"],"acf":[],"_links":{"self":[{"href":"https:\/\/www.notibras.com\/site\/wp-json\/wp\/v2\/posts\/342845","targetHints":{"allow":["GET"]}}],"collection":[{"href":"https:\/\/www.notibras.com\/site\/wp-json\/wp\/v2\/posts"}],"about":[{"href":"https:\/\/www.notibras.com\/site\/wp-json\/wp\/v2\/types\/post"}],"author":[{"embeddable":true,"href":"https:\/\/www.notibras.com\/site\/wp-json\/wp\/v2\/users\/2"}],"replies":[{"embeddable":true,"href":"https:\/\/www.notibras.com\/site\/wp-json\/wp\/v2\/comments?post=342845"}],"version-history":[{"count":3,"href":"https:\/\/www.notibras.com\/site\/wp-json\/wp\/v2\/posts\/342845\/revisions"}],"predecessor-version":[{"id":342849,"href":"https:\/\/www.notibras.com\/site\/wp-json\/wp\/v2\/posts\/342845\/revisions\/342849"}],"wp:featuredmedia":[{"embeddable":true,"href":"https:\/\/www.notibras.com\/site\/wp-json\/wp\/v2\/media\/342846"}],"wp:attachment":[{"href":"https:\/\/www.notibras.com\/site\/wp-json\/wp\/v2\/media?parent=342845"}],"wp:term":[{"taxonomy":"category","embeddable":true,"href":"https:\/\/www.notibras.com\/site\/wp-json\/wp\/v2\/categories?post=342845"},{"taxonomy":"post_tag","embeddable":true,"href":"https:\/\/www.notibras.com\/site\/wp-json\/wp\/v2\/tags?post=342845"}],"curies":[{"name":"wp","href":"https:\/\/api.w.org\/{rel}","templated":true}]}}