{"id":342857,"date":"2024-12-11T06:11:49","date_gmt":"2024-12-11T09:11:49","guid":{"rendered":"https:\/\/www.notibras.com\/site\/?p=342857"},"modified":"2024-12-11T06:12:48","modified_gmt":"2024-12-11T09:12:48","slug":"carne-paga-carona-cara-na-passagem-aerea-e-os-precos-vao-la-para-cima","status":"publish","type":"post","link":"https:\/\/www.notibras.com\/site\/carne-paga-carona-cara-na-passagem-aerea-e-os-precos-vao-la-para-cima\/","title":{"rendered":"Carne paga carona cara na passagem a\u00e9rea e os pre\u00e7os v\u00e3o l\u00e1 para cima"},"content":{"rendered":"<p><strong>(Setembro passou<\/strong><br \/>\n<strong>Outubro e novembro<\/strong><br \/>\n<strong>J\u00e1 tamo em dezembro<\/strong><br \/>\n<strong>Meu Deus, que \u00e9 de n\u00f3s&#8230;)<\/strong><\/p>\n<p>A letra de Patativa do Assar\u00e9, eternizada na voz de Luiz Gonzaga, est\u00e1 mais viva do que nunca nos cora\u00e7\u00f5es e mentes dos nordestinos. M\u00eas sim, outro tamb\u00e9m, o povo sofre com uma infla\u00e7\u00e3o galopante. E Lula, que prometeu fartura para a regi\u00e3o, como Dom Bosco previu leite e mel para o Centro-Oeste, j\u00e1 n\u00e3o \u00e9 t\u00e3o endeusado assim. A infla\u00e7\u00e3o que corr\u00f3i o minguado or\u00e7amento de milh\u00f5es de fam\u00edlias da Bahia ao Maranh\u00e3o virou uma tortura. E a tend\u00eancia \u00e9 piorar.<\/p>\n<p>Diante de uma infla\u00e7\u00e3o oficial do governo (0,39% em novembro) o povo tem mesmo \u00e9 que se queixar. Humilde, o nordestino n\u00e3o entende como o IBGE revela \u00edndices baixos, quando a realidade apresenta justamente o oposto. O pre\u00e7o da carne disparou. Pegou carona nas passagens a\u00e9reas e foi l\u00e1 para cima. Carona cara &#8211; e sobrou para o pobre pagar o pato.<\/p>\n<p>Se comparada aos n\u00fameros de outubro, a infla\u00e7\u00e3o perdeu for\u00e7a. Mas n\u00e3o significa que os pre\u00e7os ca\u00edram. O quadro \u00e9 triste: o item alimenta\u00e7\u00e3o e bebidas subiu 1,55%, o que representa 0,33 p.p. da infla\u00e7\u00e3o total. O maior impacto veio das carnes, que aumentaram 8,02% (0,20 p.p. de impacto no \u00edndice). A alcatra, por exemplo, ficou 9,31% mais cara. J\u00e1 o contrafil\u00e9 aumentou 7,83%. E o que dizer da vil\u00e3 passagem a\u00e9rea, que deu um salto de 22%?<\/p>\n<p>Os dados divulgados pelo IBGE s\u00e3o preocupantes. No acumulado de 12 meses, a infla\u00e7\u00e3o oficial soma 4,87%, acima da meta do governo (de 3%), com toler\u00e2ncia de 1,5 ponto percentual para mais ou para menos. \u00c9 tamb\u00e9m o maior acumulado desde setembro de 2023. No acumulado do ano, ou seja, de janeiro e novembro, o IPCA j\u00e1 est\u00e1 em 4,29%.<\/p>\n<p>\u201cCaso o \u00edndice seja superior a 0,20% em dezembro, a infla\u00e7\u00e3o ficar\u00e1 bem acima da meta\u201d, avalia o gerente da pesquisa, Andr\u00e9 Almeida. E aumento de pre\u00e7os \u00e9 o que mais tem: al\u00e9m da carne a passagens a\u00e9reas, dispararam os pre\u00e7os dos cigarros, com impacto de 15%, pacote tur\u00edstico (4,12%) e hospedagem (2,20%). Se o Nordeste esperava movimentar a economia com as festas de fim de ano, o quadro mudou. At\u00e9 que surja outra primavera, o ver\u00e3o ser\u00e1 quente. E o outono queimar\u00e1 os p\u00e9s-de-meia como folhas mortas.<\/p>\n","protected":false},"excerpt":{"rendered":"<p>(Setembro passou Outubro e novembro J\u00e1 tamo em dezembro Meu Deus, que \u00e9 de n\u00f3s&#8230;) A letra de Patativa do Assar\u00e9, eternizada na voz de Luiz Gonzaga, est\u00e1 mais viva do que nunca nos cora\u00e7\u00f5es e mentes dos nordestinos. M\u00eas sim, outro tamb\u00e9m, o povo sofre com uma infla\u00e7\u00e3o galopante. E Lula, que prometeu fartura [&hellip;]<\/p>\n","protected":false},"author":2,"featured_media":342858,"comment_status":"closed","ping_status":"closed","sticky":false,"template":"","format":"standard","meta":{"_acf_changed":false,"footnotes":""},"categories":[165],"tags":[95],"class_list":["post-342857","post","type-post","status-publish","format-standard","has-post-thumbnail","hentry","category-nordeste","tag-capa"],"acf":[],"_links":{"self":[{"href":"https:\/\/www.notibras.com\/site\/wp-json\/wp\/v2\/posts\/342857","targetHints":{"allow":["GET"]}}],"collection":[{"href":"https:\/\/www.notibras.com\/site\/wp-json\/wp\/v2\/posts"}],"about":[{"href":"https:\/\/www.notibras.com\/site\/wp-json\/wp\/v2\/types\/post"}],"author":[{"embeddable":true,"href":"https:\/\/www.notibras.com\/site\/wp-json\/wp\/v2\/users\/2"}],"replies":[{"embeddable":true,"href":"https:\/\/www.notibras.com\/site\/wp-json\/wp\/v2\/comments?post=342857"}],"version-history":[{"count":2,"href":"https:\/\/www.notibras.com\/site\/wp-json\/wp\/v2\/posts\/342857\/revisions"}],"predecessor-version":[{"id":342860,"href":"https:\/\/www.notibras.com\/site\/wp-json\/wp\/v2\/posts\/342857\/revisions\/342860"}],"wp:featuredmedia":[{"embeddable":true,"href":"https:\/\/www.notibras.com\/site\/wp-json\/wp\/v2\/media\/342858"}],"wp:attachment":[{"href":"https:\/\/www.notibras.com\/site\/wp-json\/wp\/v2\/media?parent=342857"}],"wp:term":[{"taxonomy":"category","embeddable":true,"href":"https:\/\/www.notibras.com\/site\/wp-json\/wp\/v2\/categories?post=342857"},{"taxonomy":"post_tag","embeddable":true,"href":"https:\/\/www.notibras.com\/site\/wp-json\/wp\/v2\/tags?post=342857"}],"curies":[{"name":"wp","href":"https:\/\/api.w.org\/{rel}","templated":true}]}}