{"id":342877,"date":"2024-12-11T00:00:34","date_gmt":"2024-12-11T03:00:34","guid":{"rendered":"https:\/\/www.notibras.com\/site\/?p=342877"},"modified":"2024-12-11T08:29:01","modified_gmt":"2024-12-11T11:29:01","slug":"petistas-gritam-contra-anistia-e-retrocesso-de-direitos","status":"publish","type":"post","link":"https:\/\/www.notibras.com\/site\/petistas-gritam-contra-anistia-e-retrocesso-de-direitos\/","title":{"rendered":"Petistas gritam contra anistia e retrocesso de direitos"},"content":{"rendered":"<p>Movimentos sociais e partidos de esquerda fizeram manifesta\u00e7\u00e3o no centro de Bras\u00edlia, nesta ter\u00e7a-feira (10), Dia dos Direitos Humanos, para chamar a aten\u00e7\u00e3o para os riscos de retrocesso em conquistas democr\u00e1ticas obtidas ap\u00f3s anos de lutas hist\u00f3ricas.<\/p>\n<p>Centenas de pessoas foram \u00e0 Pra\u00e7a Zumbi, para defender bandeiras em comum. A principal delas foi o tema \u201cSem Anistia\u201d, em refer\u00eancia \u00e0 tentativa de golpe de Estado atribu\u00edda ao ex-presidente Jair Bolsonaro e outros 36 indiciados pela Pol\u00edcia Federal (PF).<\/p>\n<p>Um dos organizadores do evento, o presidente do PT-DF, Jacy Afonso, afirmou que o evento reuniu diversas pautas importantes.<\/p>\n<p>\u201cJuntamos v\u00e1rias pautas para deixar nossa marca neste dia t\u00e3o importante, neste ponto de encontro de tantos movimentos sociais; de trabalhadores, minorias e do movimentos negros, como \u00e9 o Conic &#8211; pr\u00e9dio pr\u00f3ximo \u00e0 Pra\u00e7a Zumbi. Uma das pautas mais importantes deste ato pol\u00edtico \u00e9 em favor da pris\u00e3o dos golpistas. N\u00e3o podemos dar anistia a eles, como fizemos no passado. Seria repetir o erro\u201d, disse.<\/p>\n<p>Vestindo uma camisa vermelha com a imagem do educador pernambucano Paulo Freire, o integrante da Unidade Popular (UP) Tadeu Bernardes defende que a educa\u00e7\u00e3o libert\u00e1ria concebida por Freire representa uma importante ferramenta para a conscientiza\u00e7\u00e3o da popula\u00e7\u00e3o sobre seus direitos.<\/p>\n<p>\u201cO que me preocupa \u00e9 ver a educa\u00e7\u00e3o passando por um momento de crise, amea\u00e7ada por uma direita que a v\u00ea como um neg\u00f3cio privado ou como uma esp\u00e9cie de f\u00e1brica de m\u00e3o de obra, em vez de ferramenta em favor da conscientiza\u00e7\u00e3o pela cidadania e fator indispens\u00e1vel para as mudan\u00e7as que o mundo precisa\u201d, argumentou.<\/p>\n<p>Questionado sobre o que o motivou a participar da manifesta\u00e7\u00e3o, ele foi categ\u00f3rico. \u201cQuero ajudar na constru\u00e7\u00e3o de um pa\u00eds mais democr\u00e1tico e ciente da pr\u00f3pria hist\u00f3ria. Por isso, vejo muita relev\u00e2ncia nessa pauta de combate ao esp\u00edrito golpista que permanece no Brasil. Se aconteceu essa tentativa no 8 de janeiro, \u00e9 porque, no passado, os golpistas n\u00e3o foram punidos\u201d.<\/p>\n","protected":false},"excerpt":{"rendered":"<p>Movimentos sociais e partidos de esquerda fizeram manifesta\u00e7\u00e3o no centro de Bras\u00edlia, nesta ter\u00e7a-feira (10), Dia dos Direitos Humanos, para chamar a aten\u00e7\u00e3o para os riscos de retrocesso em conquistas democr\u00e1ticas obtidas ap\u00f3s anos de lutas hist\u00f3ricas. Centenas de pessoas foram \u00e0 Pra\u00e7a Zumbi, para defender bandeiras em comum. A principal delas foi o tema [&hellip;]<\/p>\n","protected":false},"author":2,"featured_media":342878,"comment_status":"closed","ping_status":"closed","sticky":false,"template":"","format":"standard","meta":{"_acf_changed":false,"footnotes":""},"categories":[161],"tags":[],"class_list":["post-342877","post","type-post","status-publish","format-standard","has-post-thumbnail","hentry","category-quadradinho-em-foco"],"acf":[],"_links":{"self":[{"href":"https:\/\/www.notibras.com\/site\/wp-json\/wp\/v2\/posts\/342877","targetHints":{"allow":["GET"]}}],"collection":[{"href":"https:\/\/www.notibras.com\/site\/wp-json\/wp\/v2\/posts"}],"about":[{"href":"https:\/\/www.notibras.com\/site\/wp-json\/wp\/v2\/types\/post"}],"author":[{"embeddable":true,"href":"https:\/\/www.notibras.com\/site\/wp-json\/wp\/v2\/users\/2"}],"replies":[{"embeddable":true,"href":"https:\/\/www.notibras.com\/site\/wp-json\/wp\/v2\/comments?post=342877"}],"version-history":[{"count":1,"href":"https:\/\/www.notibras.com\/site\/wp-json\/wp\/v2\/posts\/342877\/revisions"}],"predecessor-version":[{"id":342879,"href":"https:\/\/www.notibras.com\/site\/wp-json\/wp\/v2\/posts\/342877\/revisions\/342879"}],"wp:featuredmedia":[{"embeddable":true,"href":"https:\/\/www.notibras.com\/site\/wp-json\/wp\/v2\/media\/342878"}],"wp:attachment":[{"href":"https:\/\/www.notibras.com\/site\/wp-json\/wp\/v2\/media?parent=342877"}],"wp:term":[{"taxonomy":"category","embeddable":true,"href":"https:\/\/www.notibras.com\/site\/wp-json\/wp\/v2\/categories?post=342877"},{"taxonomy":"post_tag","embeddable":true,"href":"https:\/\/www.notibras.com\/site\/wp-json\/wp\/v2\/tags?post=342877"}],"curies":[{"name":"wp","href":"https:\/\/api.w.org\/{rel}","templated":true}]}}