{"id":342886,"date":"2024-12-11T00:27:33","date_gmt":"2024-12-11T03:27:33","guid":{"rendered":"https:\/\/www.notibras.com\/site\/?p=342886"},"modified":"2024-12-11T07:31:37","modified_gmt":"2024-12-11T10:31:37","slug":"acao-educativa-de-sucesso-entra-em-cena-no-nordeste","status":"publish","type":"post","link":"https:\/\/www.notibras.com\/site\/acao-educativa-de-sucesso-entra-em-cena-no-nordeste\/","title":{"rendered":"A\u00e7\u00e3o educativa de sucesso entra em cena no Nordeste"},"content":{"rendered":"<p>Com intuito de dar destaque a projetos de educa\u00e7\u00e3o desenvolvidos nos nove estados do Nordeste, autoridades e educadores est\u00e3o reunidos em um semin\u00e1rio em Natal para discutir e conhecer experi\u00eancias exitosas nesse campo. O evento \u00e9 promovido pela Secretaria de Educa\u00e7\u00e3o, do Esporte e do Lazer do Rio Grande do Norte, com o apoio do Instituto Cultiva e do Cons\u00f3rcio Nordeste.<\/p>\n<p>Um desses projetos &#8211; chamado Comunidades Educadoras &#8211; foi apresentado, durante a abertura do Semin\u00e1rio Desafios e Experi\u00eancias da Educa\u00e7\u00e3o no Nordeste, pela secret\u00e1ria de Educa\u00e7\u00e3o do Rio Grande do Norte, Socorro Batista.<\/p>\n<p>O diferencial do programa \u00e9 a atua\u00e7\u00e3o dos articuladores comunit\u00e1rios, profissionais que visitam regularmente as fam\u00edlias dos estudantes, identificando suas demandas e conectando-as aos recursos dispon\u00edveis nas \u00e1reas de sa\u00fade e assist\u00eancia social. Esses articuladores desempenham um papel fundamental ao fortalecer o v\u00ednculo entre escola e comunidade, proporcionando suporte cont\u00ednuo aos alunos dentro e fora da sala de aula.<\/p>\n<p>No programa Comunidades Educadoras, desenvolvido com o Instituto Cultiva, articuladores comunit\u00e1rios coletam informa\u00e7\u00f5es como as condi\u00e7\u00f5es socioecon\u00f4micas dos estudantes, o tempo de conv\u00edvio familiar, o acesso a bens culturais e sociais, se s\u00e3o acolhidos por suas respectivas comunidades ou n\u00e3o e se seus respons\u00e1veis verificam como est\u00e1 sua evolu\u00e7\u00e3o na escola. A partir desse diagn\u00f3stico, que fica registrado em um site espec\u00edfico do programa, s\u00e3o gerados relat\u00f3rios encaminhados \u00e0 Secretaria Municipal de Educa\u00e7\u00e3o.<\/p>\n<p>Pelo programa, os articuladores comunit\u00e1rios fazem visitas semanais a fam\u00edlias de estudantes nas quais sejam constatadas pelo menos duas das seguintes situa\u00e7\u00f5es: queda brusca de desempenho na escola, nos \u00faltimos quatro meses, sinais de viol\u00eancia, sinais de abandono e adoecimento ps\u00edquico. Tamb\u00e9m s\u00e3o fatores da lista a evas\u00e3o escolar, ou seja, quando o aluno ou a aluna deixam de frequentar a escola e quando moram em zonas de risco.<\/p>\n<p>&#8220;No projeto, as articuladoras procurando espa\u00e7os, procurando meninos perdidos. Porque se perdem e, \u00e0s vezes, a escola nem percebe que o aluno deixou de ir. E elas saem \u00e0 procura. \u00c0s vezes, nem encontram. Por qu\u00ea? Porque o menino ou a menina s\u00e3o de fam\u00edlia ou grupo faccionado. E eles se mudam do bairro por ordem da fac\u00e7\u00e3o advers\u00e1ria. Se mudam e n\u00e3o dizem aos vizinhos o nome deles. \u00c9 preciso ser praticamente um detetive para descobrir onde o aluno est\u00e1&#8221;, afirmou Socorro Batista.<\/p>\n<p>Com essa abordagem, o Comunidades Educadoras n\u00e3o apenas melhora o desempenho acad\u00eamico, mas tamb\u00e9m contribui para a cria\u00e7\u00e3o de uma rede de prote\u00e7\u00e3o que aborda aspectos sociais e emocionais, fundamentais para o bem-estar dos estudantes.<\/p>\n","protected":false},"excerpt":{"rendered":"<p>Com intuito de dar destaque a projetos de educa\u00e7\u00e3o desenvolvidos nos nove estados do Nordeste, autoridades e educadores est\u00e3o reunidos em um semin\u00e1rio em Natal para discutir e conhecer experi\u00eancias exitosas nesse campo. O evento \u00e9 promovido pela Secretaria de Educa\u00e7\u00e3o, do Esporte e do Lazer do Rio Grande do Norte, com o apoio do [&hellip;]<\/p>\n","protected":false},"author":2,"featured_media":342887,"comment_status":"closed","ping_status":"closed","sticky":false,"template":"","format":"standard","meta":{"_acf_changed":false,"footnotes":""},"categories":[165],"tags":[],"class_list":["post-342886","post","type-post","status-publish","format-standard","has-post-thumbnail","hentry","category-nordeste"],"acf":[],"_links":{"self":[{"href":"https:\/\/www.notibras.com\/site\/wp-json\/wp\/v2\/posts\/342886","targetHints":{"allow":["GET"]}}],"collection":[{"href":"https:\/\/www.notibras.com\/site\/wp-json\/wp\/v2\/posts"}],"about":[{"href":"https:\/\/www.notibras.com\/site\/wp-json\/wp\/v2\/types\/post"}],"author":[{"embeddable":true,"href":"https:\/\/www.notibras.com\/site\/wp-json\/wp\/v2\/users\/2"}],"replies":[{"embeddable":true,"href":"https:\/\/www.notibras.com\/site\/wp-json\/wp\/v2\/comments?post=342886"}],"version-history":[{"count":3,"href":"https:\/\/www.notibras.com\/site\/wp-json\/wp\/v2\/posts\/342886\/revisions"}],"predecessor-version":[{"id":342890,"href":"https:\/\/www.notibras.com\/site\/wp-json\/wp\/v2\/posts\/342886\/revisions\/342890"}],"wp:featuredmedia":[{"embeddable":true,"href":"https:\/\/www.notibras.com\/site\/wp-json\/wp\/v2\/media\/342887"}],"wp:attachment":[{"href":"https:\/\/www.notibras.com\/site\/wp-json\/wp\/v2\/media?parent=342886"}],"wp:term":[{"taxonomy":"category","embeddable":true,"href":"https:\/\/www.notibras.com\/site\/wp-json\/wp\/v2\/categories?post=342886"},{"taxonomy":"post_tag","embeddable":true,"href":"https:\/\/www.notibras.com\/site\/wp-json\/wp\/v2\/tags?post=342886"}],"curies":[{"name":"wp","href":"https:\/\/api.w.org\/{rel}","templated":true}]}}