{"id":342908,"date":"2024-12-11T00:41:03","date_gmt":"2024-12-11T03:41:03","guid":{"rendered":"https:\/\/www.notibras.com\/site\/?p=342908"},"modified":"2024-12-11T08:45:42","modified_gmt":"2024-12-11T11:45:42","slug":"tarifa-social-e-ampliada-e-ja-beneficia-270-mil-pessoas","status":"publish","type":"post","link":"https:\/\/www.notibras.com\/site\/tarifa-social-e-ampliada-e-ja-beneficia-270-mil-pessoas\/","title":{"rendered":"Tarifa social \u00e9 ampliada e j\u00e1 beneficia 270 mil pessoas"},"content":{"rendered":"<p>A popula\u00e7\u00e3o mais vulner\u00e1vel do Distrito Federal ter\u00e1 um al\u00edvio nas contas de \u00e1gua e de esgoto. A partir desta quarta-feira (11), o DF vai ampliar o n\u00famero de atendidos pela tarifa social com o desconto de 50%, que beneficiar\u00e1 270 mil moradores da capital. Desde 2020, com a orienta\u00e7\u00e3o do governador Ibaneis Rocha, a Caesb j\u00e1 aplicava o aux\u00edlio para 90 mil pessoas, de acordo com crit\u00e9rios estabelecidos pela Adasa. Com a mudan\u00e7a, 180 mil pessoas a mais ser\u00e3o contempladas.<\/p>\n<p>O governador Ibaneis Rocha determinou que a companhia estenda o benef\u00edcio a partir desta quarta-feira, data em que come\u00e7a vigorar a lei federal n\u00ba 14.898\/2024 (sancionada em junho deste ano). Com an\u00e1lise da Caesb, o governador estabeleceu que o prazo fosse cumprido sem atrasos e que a companhia fizesse todos os esfor\u00e7os para atender com rapidez a popula\u00e7\u00e3o mais carente.<\/p>\n<p>Com isso, as pessoas com renda de at\u00e9 meio sal\u00e1rio m\u00ednimo inscritas no Cadastro \u00danico ou que tenham membros na fam\u00edlia com defici\u00eancia ou idosos acima de 65 anos recebendo o Benef\u00edcio de Presta\u00e7\u00e3o Continuada (BPC) ter\u00e3o um desconto de 50% na tarifa de \u00e1gua e esgoto.<\/p>\n<p>\u201cChegaremos a praticamente 270 mil pessoas atendidas recebendo o desconto na tarifa de \u00e1gua e esgoto e usufruindo de outros direitos garantidos por lei como a isen\u00e7\u00e3o de custos para instala\u00e7\u00e3o de \u00e1gua ou esgoto no im\u00f3vel. O governador Ibaneis Rocha, com a Caesb, est\u00e1 trabalhando para transformar a vida da popula\u00e7\u00e3o de baixa renda, reduzindo o valor da conta desse item t\u00e3o essencial para todos, que \u00e9 o saneamento b\u00e1sico\u201d, afirma o presidente da Caesb, Lu\u00eds Ant\u00f4nio Reis.<\/p>\n<p>A dona de casa Odete Freitas, 51, \u00e9 moradora do Assentamento Dorothy Stang, em Sobradinho, e est\u00e1 sendo atendida com rede de \u00e1gua da Caesb desde mar\u00e7o deste ano. Odete \u00e9 benefici\u00e1ria da tarifa social e mora h\u00e1 nove anos no local. Ela relata que o abastecimento de \u00e1gua regular melhorou a qualidade de vida dela e de todos os vizinhos que ali residem. \u201cA gente estava precisando muito dessa \u00e1gua tratada, uma \u00e1gua limpa e que ajudou muito a diminuir a quantidade de pessoas doentes aqui na regi\u00e3o\u201d, explicou Odete.<\/p>\n<p>Sobre a tarifa social, Odete comemorou: \u201cEu sou m\u00e3e solteira. Tenho muitas dificuldades para pagar as contas. O custo de vida est\u00e1 muito alto, e essa tarifa me ajuda muito, pois diminui o valor da conta que tenho a pagar todo m\u00eas. \u00c9 um benef\u00edcio important\u00edssimo n\u00e3o s\u00f3 para mim, mas que vai ajudar muitas fam\u00edlias carentes que moram aqui em Bras\u00edlia\u201d, afirmou a dona de casa.<\/p>\n<p><strong>DF saiu na frente<\/strong><br \/>\nCerca de 90 mil pessoas do DF, desde junho de 2020, est\u00e3o beneficiadas com base nos crit\u00e9rios estabelecidos por resolu\u00e7\u00e3o da Adasa para receber um desconto de at\u00e9 50% na tarifa de \u00e1gua e esgoto no consumo de at\u00e9 30 m\u00b3.<\/p>\n<p>Os crit\u00e9rios estabelecidos incluem os benefici\u00e1rios do Bolsa Fam\u00edlia e fam\u00edlias pobres ou extremamente pobres, com renda de at\u00e9 R$ 218 por m\u00eas, inscritas no Cadastro \u00danico. As habita\u00e7\u00f5es coletivas da faixa 1 do Programa Morar Bem tamb\u00e9m s\u00e3o beneficiadas. Al\u00e9m do desconto na tarifa, que \u00e9 de 50%, os benefici\u00e1rios n\u00e3o pagam pelo custo da liga\u00e7\u00e3o, pela vistoria de habite-se, pela emiss\u00e3o de segunda via de conta e pelo custo do corte de \u00e1gua.<\/p>\n<p>Em alguns pontos, a tarifa social praticada pela Caesb atualmente vai al\u00e9m das medidas previstas na lei. A norma federal prev\u00ea que o desconto ser\u00e1 aplicado na primeira faixa, que vai at\u00e9 15 m\u00b3 de consumo de uma resid\u00eancia. No DF, o benef\u00edcio vai at\u00e9 30 m\u00b3.<\/p>\n<p>Como exemplo, um cliente que no m\u00eas de outubro teve um consumo de 16 m\u00b3 pagou uma conta de cerca de R$ 180. Com o benef\u00edcio, o mesmo cliente vai pagar R$ 90.<\/p>\n<p><strong>Benef\u00edcio autom\u00e1tico<\/strong><br \/>\n\u201cAs fam\u00edlias que t\u00eam direito ao desconto na tarifa ser\u00e3o automaticamente inclu\u00eddas na lista de benefici\u00e1rios com base no Cadastro \u00danico. Dessa forma, n\u00e3o precisam se preocupar em procurar o benef\u00edcio\u201d, ressalta o superintendente de Comercializa\u00e7\u00e3o da Caesb, Diego Rezende.<\/p>\n<p>Para que a tarifa com desconto seja aplicada, a pessoa que se enquadra nos crit\u00e9rios do benef\u00edcio deve estar com o cadastro atualizado no Cadastro \u00danico e ser o respons\u00e1vel financeiro de um im\u00f3vel residencial.<\/p>\n","protected":false},"excerpt":{"rendered":"<p>A popula\u00e7\u00e3o mais vulner\u00e1vel do Distrito Federal ter\u00e1 um al\u00edvio nas contas de \u00e1gua e de esgoto. A partir desta quarta-feira (11), o DF vai ampliar o n\u00famero de atendidos pela tarifa social com o desconto de 50%, que beneficiar\u00e1 270 mil moradores da capital. Desde 2020, com a orienta\u00e7\u00e3o do governador Ibaneis Rocha, a [&hellip;]<\/p>\n","protected":false},"author":2,"featured_media":297894,"comment_status":"closed","ping_status":"closed","sticky":false,"template":"","format":"standard","meta":{"_acf_changed":false,"footnotes":""},"categories":[161],"tags":[],"class_list":["post-342908","post","type-post","status-publish","format-standard","has-post-thumbnail","hentry","category-quadradinho-em-foco"],"acf":[],"_links":{"self":[{"href":"https:\/\/www.notibras.com\/site\/wp-json\/wp\/v2\/posts\/342908","targetHints":{"allow":["GET"]}}],"collection":[{"href":"https:\/\/www.notibras.com\/site\/wp-json\/wp\/v2\/posts"}],"about":[{"href":"https:\/\/www.notibras.com\/site\/wp-json\/wp\/v2\/types\/post"}],"author":[{"embeddable":true,"href":"https:\/\/www.notibras.com\/site\/wp-json\/wp\/v2\/users\/2"}],"replies":[{"embeddable":true,"href":"https:\/\/www.notibras.com\/site\/wp-json\/wp\/v2\/comments?post=342908"}],"version-history":[{"count":1,"href":"https:\/\/www.notibras.com\/site\/wp-json\/wp\/v2\/posts\/342908\/revisions"}],"predecessor-version":[{"id":342909,"href":"https:\/\/www.notibras.com\/site\/wp-json\/wp\/v2\/posts\/342908\/revisions\/342909"}],"wp:featuredmedia":[{"embeddable":true,"href":"https:\/\/www.notibras.com\/site\/wp-json\/wp\/v2\/media\/297894"}],"wp:attachment":[{"href":"https:\/\/www.notibras.com\/site\/wp-json\/wp\/v2\/media?parent=342908"}],"wp:term":[{"taxonomy":"category","embeddable":true,"href":"https:\/\/www.notibras.com\/site\/wp-json\/wp\/v2\/categories?post=342908"},{"taxonomy":"post_tag","embeddable":true,"href":"https:\/\/www.notibras.com\/site\/wp-json\/wp\/v2\/tags?post=342908"}],"curies":[{"name":"wp","href":"https:\/\/api.w.org\/{rel}","templated":true}]}}