{"id":342910,"date":"2024-12-11T00:00:56","date_gmt":"2024-12-11T03:00:56","guid":{"rendered":"https:\/\/www.notibras.com\/site\/?p=342910"},"modified":"2024-12-11T08:53:17","modified_gmt":"2024-12-11T11:53:17","slug":"mulheres-do-campo-e-do-cerrado-discutem-acoes-para-2025","status":"publish","type":"post","link":"https:\/\/www.notibras.com\/site\/mulheres-do-campo-e-do-cerrado-discutem-acoes-para-2025\/","title":{"rendered":"Mulheres do Campo e do Cerrado discutem a\u00e7\u00f5es para 2025"},"content":{"rendered":"<p>A Secretaria da Mulher realizou na ter\u00e7a, 10, a 5\u00aa reuni\u00e3o bimestral do F\u00f3rum Distrital Permanente das Mulheres do Campo e do Cerrado. O evento ocorreu na Casa da Mulher Brasileira, localizada em Ceil\u00e2ndia, e reuniu lideran\u00e7as comunit\u00e1rias, autoridades locais e representantes de diversas regi\u00f5es do DF. O objetivo foi avaliar os avan\u00e7os conquistados ao longo de 2024 e construir novas estrat\u00e9gias para o pr\u00f3ximo ano, em prol das mulheres que vivem em \u00e1reas rurais e no cerrado.<\/p>\n<p>Com um ambiente marcado pelo di\u00e1logo e pela colabora\u00e7\u00e3o, o F\u00f3rum abordou temas centrais, como o retorno das demandas apresentadas na \u00faltima edi\u00e7\u00e3o e a formula\u00e7\u00e3o de iniciativas para o fortalecimento das pol\u00edticas p\u00fablicas voltadas \u00e0s mulheres do campo. Entre os resultados j\u00e1 alcan\u00e7ados, destacam-se o aumento de linhas de \u00f4nibus que atendem comunidades rurais e a amplia\u00e7\u00e3o dos atendimentos de sa\u00fade itinerantes. Essas a\u00e7\u00f5es t\u00eam garantido maior acesso a servi\u00e7os essenciais para popula\u00e7\u00f5es em \u00e1reas remotas, reduzindo desigualdades e promovendo bem-estar.<\/p>\n<p>A secret\u00e1ria da Mulher, Giselle Ferreira, abriu os trabalhos com uma fala que destacou a relev\u00e2ncia do F\u00f3rum como um espa\u00e7o de escuta ativa e de constru\u00e7\u00e3o coletiva. \u201cO F\u00f3rum \u00e9 um canal direto e eficaz para ouvir as demandas e buscar solu\u00e7\u00f5es concretas. Juntas, conseguimos identificar as principais dificuldades enfrentadas pelas mulheres que vivem em \u00e1reas rurais. Nosso objetivo \u00e9 fortalecer cada vez mais as pol\u00edticas p\u00fablicas que garantam direitos e qualidade de vida \u00e0s mulheres do campo\u201d, afirmou Giselle.<\/p>\n<p>O encontro tamb\u00e9m contou com depoimentos que evidenciaram o impacto positivo do F\u00f3rum na vida das participantes. Maria Alice Oliveira, 62 anos, moradora do acampamento Margarida Alves, em Sobradinho, celebrou as mudan\u00e7as promovidas pelo colegiado e demonstrou esperan\u00e7a em rela\u00e7\u00e3o \u00e0s a\u00e7\u00f5es futuras. \u201cJ\u00e1 faz um tempo que fa\u00e7o parte do F\u00f3rum, e acho sempre muito produtivo. \u00c9 um espa\u00e7o onde podemos falar sobre nossas necessidades, n\u00e3o s\u00f3 das mulheres, mas tamb\u00e9m das fam\u00edlias nos acampamentos. Reivindicamos melhorias, e nossas demandas est\u00e3o sendo atendidas. Minha expectativa para o pr\u00f3ximo ano \u00e9 muito boa, e espero contar sempre com esse apoio\u201d, comentou.<\/p>\n<p>Al\u00e9m de celebrar as conquistas, o evento marcou o in\u00edcio do planejamento estrat\u00e9gico para 2025, reafirmando o compromisso da Secretaria da Mulher em promover pol\u00edticas p\u00fablicas mais inclusivas e eficazes. A constru\u00e7\u00e3o de parcerias intersetoriais e o fortalecimento da participa\u00e7\u00e3o comunit\u00e1ria foram apontados como pilares para o pr\u00f3ximo ciclo de trabalho. A pr\u00f3xima reuni\u00e3o do F\u00f3rum est\u00e1 prevista para fevereiro de 2025 e refor\u00e7a a determina\u00e7\u00e3o da SMDF em manter o di\u00e1logo aberto e cont\u00ednuo com as mulheres do campo e do Cerrado.<\/p>\n","protected":false},"excerpt":{"rendered":"<p>A Secretaria da Mulher realizou na ter\u00e7a, 10, a 5\u00aa reuni\u00e3o bimestral do F\u00f3rum Distrital Permanente das Mulheres do Campo e do Cerrado. O evento ocorreu na Casa da Mulher Brasileira, localizada em Ceil\u00e2ndia, e reuniu lideran\u00e7as comunit\u00e1rias, autoridades locais e representantes de diversas regi\u00f5es do DF. O objetivo foi avaliar os avan\u00e7os conquistados ao [&hellip;]<\/p>\n","protected":false},"author":2,"featured_media":342911,"comment_status":"closed","ping_status":"closed","sticky":false,"template":"","format":"standard","meta":{"_acf_changed":false,"footnotes":""},"categories":[161],"tags":[],"class_list":["post-342910","post","type-post","status-publish","format-standard","has-post-thumbnail","hentry","category-quadradinho-em-foco"],"acf":[],"_links":{"self":[{"href":"https:\/\/www.notibras.com\/site\/wp-json\/wp\/v2\/posts\/342910","targetHints":{"allow":["GET"]}}],"collection":[{"href":"https:\/\/www.notibras.com\/site\/wp-json\/wp\/v2\/posts"}],"about":[{"href":"https:\/\/www.notibras.com\/site\/wp-json\/wp\/v2\/types\/post"}],"author":[{"embeddable":true,"href":"https:\/\/www.notibras.com\/site\/wp-json\/wp\/v2\/users\/2"}],"replies":[{"embeddable":true,"href":"https:\/\/www.notibras.com\/site\/wp-json\/wp\/v2\/comments?post=342910"}],"version-history":[{"count":1,"href":"https:\/\/www.notibras.com\/site\/wp-json\/wp\/v2\/posts\/342910\/revisions"}],"predecessor-version":[{"id":342912,"href":"https:\/\/www.notibras.com\/site\/wp-json\/wp\/v2\/posts\/342910\/revisions\/342912"}],"wp:featuredmedia":[{"embeddable":true,"href":"https:\/\/www.notibras.com\/site\/wp-json\/wp\/v2\/media\/342911"}],"wp:attachment":[{"href":"https:\/\/www.notibras.com\/site\/wp-json\/wp\/v2\/media?parent=342910"}],"wp:term":[{"taxonomy":"category","embeddable":true,"href":"https:\/\/www.notibras.com\/site\/wp-json\/wp\/v2\/categories?post=342910"},{"taxonomy":"post_tag","embeddable":true,"href":"https:\/\/www.notibras.com\/site\/wp-json\/wp\/v2\/tags?post=342910"}],"curies":[{"name":"wp","href":"https:\/\/api.w.org\/{rel}","templated":true}]}}