{"id":342956,"date":"2024-12-12T00:32:40","date_gmt":"2024-12-12T03:32:40","guid":{"rendered":"https:\/\/www.notibras.com\/site\/?p=342956"},"modified":"2024-12-12T08:34:20","modified_gmt":"2024-12-12T11:34:20","slug":"fundacao-casa-de-jorge-amado-e-reaberta-com-festival-no-pelourinho","status":"publish","type":"post","link":"https:\/\/www.notibras.com\/site\/fundacao-casa-de-jorge-amado-e-reaberta-com-festival-no-pelourinho\/","title":{"rendered":"Funda\u00e7\u00e3o Casa de Jorge Amado \u00e9 reaberta com festival no Pelourinho"},"content":{"rendered":"<p>\u00c9 no cora\u00e7\u00e3o do Pelourinho que se encontra um imponente casar\u00e3o colonial azulado que h\u00e1 37 anos guarda um grande tesouro da cultura brasileira: o acervo do casal de escritores Jorge Amado e Z\u00e9lia Gattai. Ali funciona a Funda\u00e7\u00e3o Casa de Jorge Amado, que foi idealizada para preservar e estudar os acervos bibliogr\u00e1ficos e art\u00edsticos do escritor, mas que ele nunca quis que se transformasse apenas em um museu.<\/p>\n<p>\u201cO que desejo \u00e9 que nesta casa o sentido da vida da Bahia esteja presente e que isto seja o sentimento de sua exist\u00eancia, que ao lado da pesquisa e do estudo, seja um local de encontro, de interc\u00e2mbio cultural entre a Bahia e outros lugares\u201d, dizia Jorge Amado.<\/p>\n<p>Ap\u00f3s nove meses de sua maior reforma, a Funda\u00e7\u00e3o Casa de Jorge Amado reabriu nesta quarta-feira (11) para convidados e para a imprensa. E a partir desta quinta-feira (12) ela reabre ao p\u00fablico, que poder\u00e1 visit\u00e1-la gratuitamente at\u00e9 s\u00e1bado (14). Nestes dias, o p\u00fablico tamb\u00e9m poder\u00e1 aproveitar uma programa\u00e7\u00e3o especial que acontece no Pelourinho, na frente da Funda\u00e7\u00e3o: o Festival Uma Casa de Palavras, que promove uma feira gastron\u00f4mica e apresenta\u00e7\u00f5es musicais. O objetivo deste festival \u00e9 promover a obra de Jorge Amado unindo tr\u00eas grandes marcos da cultura de Salvador: a gastronomia, a literatura e a m\u00fasica.<\/p>\n<p><strong>A reforma<\/strong><br \/>\nA institui\u00e7\u00e3o cultural passou pela maior restaura\u00e7\u00e3o desde a sua inaugura\u00e7\u00e3o em 7 de mar\u00e7o de 1987. A sua sede, que era composta pelas casas de n\u00fameros 49 e 51 &#8211; as conhecidas Casas Azul e Amarela do Largo do Pelourinho &#8211; foi agora conectada a mais um pr\u00e9dio, o de n\u00famero 47, a chamada Casa Branca. Com a reforma, novos espa\u00e7os expositivos foram criados. Al\u00e9m disso, o local ficou mais acess\u00edvel, mais moderno e mais seguro, com a instala\u00e7\u00e3o de um novo e moderno sistema anti-inc\u00eandio e de monitoramento.<\/p>\n<p>\u201c\u00c9 a maior reforma, que come\u00e7ou em mar\u00e7o deste ano\u201d, afirmou Angela Fraga, diretora executiva da Funda\u00e7\u00e3o Casa de Jorge Amado. \u201cO or\u00e7amento foi de mais ou menos R$ 2 milh\u00f5es. A gente contou com a curadoria da pr\u00f3pria equipe: somos 13 funcion\u00e1rios, todo mundo trabalhando nessa cria\u00e7\u00e3o, nessa concep\u00e7\u00e3o\u201d, acrescentou.<\/p>\n<p>Segundo ela, a reforma foi resultado de muita luta. Principalmente por recursos. \u201cAs institui\u00e7\u00f5es culturais no nosso pa\u00eds, infelizmente, s\u00e3o dif\u00edceis de se manterem. Mas a gente tem contado com parcerias relevantes. O Minist\u00e9rio da Cultura abre essa brecha de, por exemplo, aprovar planos anuais de manuten\u00e7\u00e3o de espa\u00e7os como esse, o que \u00e9 fundamental, porque \u00e9 muito dif\u00edcil no Brasil um aporte direto para manuten\u00e7\u00e3o de acervos ou de exposi\u00e7\u00f5es. A Lei Rouanet vem para ajudar a gente e a gente tem se beneficiado disso\u201d, falou.<\/p>\n<p>Ap\u00f3s a reforma, o imenso acervo de Z\u00e9lia Gattai e Jorge Amado &#8211; formado por cerca de 350 mil documentos, entre eles, fotografias tiradas por Z\u00e9lia, livros e tamb\u00e9m cartas trocadas com amigos &#8211; foi todo transferido para a Casa Branca. Este novo espa\u00e7o tamb\u00e9m abriga agora a parte administrativa e uma sala para cursos que sempre s\u00e3o oferecidos pela institui\u00e7\u00e3o. As demais casas, que j\u00e1 existiam no projeto anterior, agora se dedicar\u00e3o aos espa\u00e7os expositivos, que foram ampliados e modernizados. J\u00e1 o mirante, que oferece uma grande vista para o Pelourinho, passar\u00e1 tamb\u00e9m a sediar exposi\u00e7\u00f5es tempor\u00e1rias.<\/p>\n<p>Nesta nova concep\u00e7\u00e3o da Funda\u00e7\u00e3o, a escritora e fot\u00f3grafa Z\u00e9lia Gattai ter\u00e1 um espa\u00e7o exclusivo sobre sua vida e obra, assim como a poeta e escritora Myriam Fraga, que ajudou a criar a funda\u00e7\u00e3o e tamb\u00e9m foi sua primeira diretora. \u201cEssa funda\u00e7\u00e3o foi feita j\u00e1 h\u00e1 quase 40 anos. Come\u00e7ou de uma maneira bem mais modesta, foi incorporando e funcionou t\u00e3o bem que recebeu outras casas que compuseram com esse original. Um todo harm\u00f4nico, mas que precisava ser bem incorporado. Agora foi feita essa reforma e ficou uma coisa maravilhosa\u201d, disse Paloma Jorge Amado, filha dos escritores.<\/p>\n<p><strong>Casa de cultura<\/strong><br \/>\nNa tarde desta quarta-feira (11), Paloma esteve na Funda\u00e7\u00e3o junto a seu irm\u00e3o, Jo\u00e3o Jorge Amado. \u201cEssa \u00e9 uma casa para movimentar. N\u00e3o s\u00f3 a coisa liter\u00e1ria, mas a coisa culin\u00e1ria, a coisa pl\u00e1stica, todos os aspectos culturais da cidade e do estado\u201d, disse Jo\u00e3o.<\/p>\n<p>\u201cEssa \u00e9 uma casa de cultura. \u00c9 uma casa que det\u00e9m os acervos do meu pai e da minha m\u00e3e e que h\u00e1 40 anos est\u00e3o \u00e0 disposi\u00e7\u00e3o de quem quiser vir para consultar. S\u00f3 de entrar nessa casa j\u00e1 tem a alma deles. Mas a casa \u00e9, sobretudo, o que o papai queria que fosse, uma casa de cultura da cidade de Salvador, do Pelourinho, da Bahia. Ent\u00e3o, aqui n\u00e3o \u00e9 s\u00f3 Jorge Amado e Z\u00e9lia Gattai. Aqui s\u00e3o todos os escritores baianos, s\u00e3o todos os jovens escritores, s\u00e3o todos os que v\u00eam e que absorvem uma cultura maravilhosa, que \u00e9 a cultura da nossa terra\u201d, afirmou a tamb\u00e9m escritora.<\/p>\n<p>Para marcar essa reinaugura\u00e7\u00e3o, apresenta\u00e7\u00f5es musicais v\u00e3o ser realizadas na frente da Funda\u00e7\u00e3o at\u00e9 o pr\u00f3ximo s\u00e1bado. Nesta quarta-feira, a apresenta\u00e7\u00e3o foi das Ganhadeiras de Itapu\u00e3. Na quinta-feira (12), se apresenta Claudia Cunha. Na sexta-feira, o show ser\u00e1 realizado por Ger\u00f4nimo. Nestes dias, os shows acontecem a partir das 19h. No s\u00e1bado (14), ser\u00e1 a vez do PUMM-Por Um Mundo Melhor, com uma programa\u00e7\u00e3o especial ao p\u00fablico infantil a partir das 16h.<\/p>\n<p>J\u00e1 a partir da pr\u00f3xima segunda-feira (16), a institui\u00e7\u00e3o cultural voltar\u00e1 a cobrar ingressos, mas ter\u00e1 entrada gratuita sempre \u00e0s quartas-feiras.<\/p>\n","protected":false},"excerpt":{"rendered":"<p>\u00c9 no cora\u00e7\u00e3o do Pelourinho que se encontra um imponente casar\u00e3o colonial azulado que h\u00e1 37 anos guarda um grande tesouro da cultura brasileira: o acervo do casal de escritores Jorge Amado e Z\u00e9lia Gattai. Ali funciona a Funda\u00e7\u00e3o Casa de Jorge Amado, que foi idealizada para preservar e estudar os acervos bibliogr\u00e1ficos e art\u00edsticos [&hellip;]<\/p>\n","protected":false},"author":2,"featured_media":342957,"comment_status":"closed","ping_status":"closed","sticky":false,"template":"","format":"standard","meta":{"_acf_changed":false,"footnotes":""},"categories":[165],"tags":[],"class_list":["post-342956","post","type-post","status-publish","format-standard","has-post-thumbnail","hentry","category-nordeste"],"acf":[],"_links":{"self":[{"href":"https:\/\/www.notibras.com\/site\/wp-json\/wp\/v2\/posts\/342956","targetHints":{"allow":["GET"]}}],"collection":[{"href":"https:\/\/www.notibras.com\/site\/wp-json\/wp\/v2\/posts"}],"about":[{"href":"https:\/\/www.notibras.com\/site\/wp-json\/wp\/v2\/types\/post"}],"author":[{"embeddable":true,"href":"https:\/\/www.notibras.com\/site\/wp-json\/wp\/v2\/users\/2"}],"replies":[{"embeddable":true,"href":"https:\/\/www.notibras.com\/site\/wp-json\/wp\/v2\/comments?post=342956"}],"version-history":[{"count":1,"href":"https:\/\/www.notibras.com\/site\/wp-json\/wp\/v2\/posts\/342956\/revisions"}],"predecessor-version":[{"id":342958,"href":"https:\/\/www.notibras.com\/site\/wp-json\/wp\/v2\/posts\/342956\/revisions\/342958"}],"wp:featuredmedia":[{"embeddable":true,"href":"https:\/\/www.notibras.com\/site\/wp-json\/wp\/v2\/media\/342957"}],"wp:attachment":[{"href":"https:\/\/www.notibras.com\/site\/wp-json\/wp\/v2\/media?parent=342956"}],"wp:term":[{"taxonomy":"category","embeddable":true,"href":"https:\/\/www.notibras.com\/site\/wp-json\/wp\/v2\/categories?post=342956"},{"taxonomy":"post_tag","embeddable":true,"href":"https:\/\/www.notibras.com\/site\/wp-json\/wp\/v2\/tags?post=342956"}],"curies":[{"name":"wp","href":"https:\/\/api.w.org\/{rel}","templated":true}]}}