{"id":342974,"date":"2024-12-12T00:00:16","date_gmt":"2024-12-12T03:00:16","guid":{"rendered":"https:\/\/www.notibras.com\/site\/?p=342974"},"modified":"2024-12-12T09:35:13","modified_gmt":"2024-12-12T12:35:13","slug":"pesquisadores-trocam-conhecimentos-sobre-mandiocultura-com-emater","status":"publish","type":"post","link":"https:\/\/www.notibras.com\/site\/pesquisadores-trocam-conhecimentos-sobre-mandiocultura-com-emater\/","title":{"rendered":"Pesquisadores trocam conhecimentos sobre mandiocultura com Emater"},"content":{"rendered":"<p>Empenhadas no desenvolvimento da mandiocultura no Distrito Federal e regi\u00e3o, a Embrapa Cerrados (DF) e a Emater-DF promoveram um treinamento para cerca de 30 t\u00e9cnicos de todos os escrit\u00f3rios regionais do \u00f3rg\u00e3o de assist\u00eancia t\u00e9cnica e extens\u00e3o rural, visando ao nivelamento de informa\u00e7\u00f5es, conhecimentos e inova\u00e7\u00f5es tecnol\u00f3gicas relacionadas \u00e0 cultura para auxiliar os agricultores, al\u00e9m do estreitamento da rela\u00e7\u00e3o entre pesquisa e extens\u00e3o rural. Os pesquisadores Jorge Antonini, Josefino Fialho e N\u00fabia Correia participaram do treinamento, realizado em formato de prosa t\u00e9cnica no espa\u00e7o de olericultura da Emater-DF instalado no Parque Tecnol\u00f3gico Ivaldo Cenci, no PAD-DF.<\/p>\n<p>&#8220;\u00c9 uma forma agrad\u00e1vel de capacita\u00e7\u00e3o e uma boa oportunidade de recebermos o retorno da pesquisa e de passarmos o que voc\u00eas (extensionistas) vivenciam no campo. Essa parceria \u00e9 o cerne da extens\u00e3o rural: transformar a pesquisa em palavras simples e leva-la ao produtor&#8221;, disse o supervisor regional da Emater-DF, Rafael Ventorim.<\/p>\n<p>&#8220;Queremos ter um retrato da realidade do que est\u00e1 acontecendo na pesquisa e na extens\u00e3o rural. \u00c9 uma troca de ideias. N\u00f3s extensionistas precisamos ouvir o pesquisador tem de informa\u00e7\u00e3o nova, e os pesquisadores precisam ouvir o que est\u00e1 acontecendo no campo&#8221;, refor\u00e7ou o extensionista da Emater-DF, H\u00e9lcio Santos, coordenador do evento.<\/p>\n<p>O pesquisador Josefino Fialho ressaltou o hist\u00f3rico de trabalhos em parceria entre a Embrapa Cerrados e a Emater-DF em mandiocultura. &#8220;O sucesso das nossas cultivares tem muito a ver com essa integra\u00e7\u00e3o&#8221;, disse. &#8220;Agora queremos saber as principais dificuldades que os extensionistas t\u00eam tido na cultura da mandioca de mesa no Distrito Federal&#8221;, completou.<\/p>\n<p>Os extensionistas elencaram uma s\u00e9rie de gargalos e desafios da mandiocultura na regi\u00e3o, como o manejo de plantas daninhas, o momento da aplica\u00e7\u00e3o de herbicidas e a falta de conhecimento sobre os produtos registrados no Minist\u00e9rio da Agricultura e Pecu\u00e1ria (Mapa) para a cultura; a necessidade de ajustes no sistema para alcan\u00e7ar o m\u00e1ximo de produtividade de ra\u00edzes e rentabilidade; quest\u00f5es de manejo da aduba\u00e7\u00e3o; o manejo da \u00e1gua nas lavouras com irriga\u00e7\u00e3o; a escolha da cultivar e a disponibilidade de manivas de qualidade para os produtores; a incid\u00eancia de \u00e1caros e do percevejo-de-renda; e o uso de produtos biol\u00f3gicos para o controle de pragas e doen\u00e7as.<\/p>\n<p>A pesquisadora N\u00fabia Correia destacou dois fatores que afetam diretamente a a\u00e7\u00e3o dos herbicidas: a irriga\u00e7\u00e3o mal feita e o escorrimento superficial do produto. &#8220;O solo encharcado concentra o produto, e ele pode afetar a cultura. E o produtor muitas vezes esquece que o herbicida registrado para a cultura da mandioca pode afetar outra cultura que est\u00e1 ao lado, pode deixar res\u00edduo no solo e pode tamb\u00e9m afetar a cultura que vem depois da mandioca&#8221;, explicou. &#8220;Trabalhar com herbicida n\u00e3o \u00e9 simples, \u00e9 extremamente t\u00e9cnico. Gostaria que os produtores tivessem essa no\u00e7\u00e3o de perigo&#8221;, completou, salientando a necessidade de cuidado com o uso desses produtos.<\/p>\n<p>Correia falou sobre o momento da aplica\u00e7\u00e3o dos produtos, recomendando que o produtor planeje a aplica\u00e7\u00e3o atrelada ao plantio, antes do brotamento. &#8220;Ele tem que ter uma sequ\u00eancia em mente: plantar e aplicar. Quando a mandioca come\u00e7ar a brotar, j\u00e1 n\u00e3o poder\u00e1 mais aplicar&#8221;, disse, apontando como alternativa, nesse caso, o jato dirigido do produto no solo e na base das plantas, o que evita o contato com as folhas.<\/p>\n<p>Outra recomenda\u00e7\u00e3o da pesquisadora \u00e9 n\u00e3o deixar o solo encharcado pelo excesso de irriga\u00e7\u00e3o e aplicar o herbicida. &#8220;Se voc\u00ea fizer uma irriga\u00e7\u00e3o sem controle, correr\u00e1 o risco de concentrar o produto na regi\u00e3o mais superficial, pr\u00f3ximo da maniva. O solo n\u00e3o pode estar seco, mas deve ter uma umidade normal&#8221;, observou. &#8220;Esses detalhes fazem toda a diferen\u00e7a. A tecnologia est\u00e1 dispon\u00edvel, mas precisamos saber us\u00e1-la&#8221;.<\/p>\n<p>Segundo o pesquisador Jorge Antonini, a tecnologia da irriga\u00e7\u00e3o, se utilizada adequadamente, promove aumentos significativos de produtividade, independente se a mandioca for cultivada ap\u00f3s culturas hort\u00edcolas ou em solo recuperado, cobrindo facilmente os custos com o equipamento. &#8220;Em solo sem horticultura, a irriga\u00e7\u00e3o pode aumentar a produtividade em at\u00e9 50%, e quando usada em associa\u00e7\u00e3o com tecnologias como o mulching (cobertura pl\u00e1stica), o incremento \u00e9 em torno de 90%&#8221;, afirmou.<\/p>\n<p>Para Antonini, um grande gargalo do manejo de irriga\u00e7\u00e3o na regi\u00e3o \u00e9 a falta de conhecimento, sobretudo por parte dos pequenos agricultores. &#8220;Para se ter um manejo de irriga\u00e7\u00e3o perfeito, voc\u00ea tem que conhecer o tipo de solo com que est\u00e1 lidando, o equipamento dispon\u00edvel e a quest\u00e3o clim\u00e1tica da regi\u00e3o&#8221;, disse, destacando a necessidade de informa\u00e7\u00f5es sobre as caracter\u00edsticas f\u00edsico-h\u00eddricas do solo como textura e capacidade de \u00e1gua dispon\u00edvel.<\/p>\n<p>O pesquisador tamb\u00e9m apontou o desconhecimento dos agricultores quanto \u00e0 l\u00e2mina de \u00e1gua aplicada na irriga\u00e7\u00e3o e \u00e0 demanda de evapotranspira\u00e7\u00e3o da cultura para estimar o gasto de \u00e1gua em fun\u00e7\u00e3o do ciclo de desenvolvimento das plantas. Ele exemplificou o caso da regi\u00e3o do DF e Entorno, onde nos primeiros 60 dias ap\u00f3s o plantio em solo argiloso, o consumo de \u00e1gua da mandioca de mesa \u00e9 muito pequeno, representando 50% da demanda de evapotranspira\u00e7\u00e3o do local. Ap\u00f3s 60 dias, a mandioca gasta 100% da demanda evapotranspirom\u00e9trica. E a partir de 150 dias at\u00e9 a colheita, ela gasta em torno de 80%.<\/p>\n<p>Com essas informa\u00e7\u00f5es, segundo Antonini, \u00e9 poss\u00edvel calcular quanto a planta consumiu de uma irriga\u00e7\u00e3o para outra. &#8220;Nos primeiros 60 dias, a mandioca \u00e9 exigente em n\u00edvel de umidade do solo, principalmente para n\u00e3o haver perda de plantas logo ap\u00f3s o plantio. \u00c9 preciso manter a umidade do solo num n\u00edvel alto, deixando gastar 20% da capacidade \u00e1gua dispon\u00edvel e voltando a irrigar. A partir dos 60 dias at\u00e9 a colheita, voc\u00ea pode deixar gastar em torno de 60%&#8221;, afirmou, salientando que o produtor precisa saber sobre o solo e o equipamento dispon\u00edvel.<\/p>\n<p>J\u00e1 o pesquisador Josefino Fialho comentou sobre os testes com diferentes \u00e9pocas de plantio com a cultivar de mandioca de mesa BRS 429, lan\u00e7ada em 2022, e com o clone 54\/10, em parceria com produtores da regi\u00e3o e com a Emater-DF. Ele informou sobre necessidade de mais unidades de observa\u00e7\u00e3o no DF para a realiza\u00e7\u00e3o desses testes, com a distribui\u00e7\u00e3o, entre os escrit\u00f3rios regionais, de ramas produzidas na Fazenda \u00c1gua Limpa, da Universidade de Bras\u00edlia. &#8220;A ideia \u00e9 verificar o efeito na raiz em fun\u00e7\u00e3o da \u00e9poca de colheita&#8221;, explicou.<\/p>\n<p>Fialho tamb\u00e9m abordou detalhes sobre o manejo da aduba\u00e7\u00e3o e a corre\u00e7\u00e3o do solo para o cultivo da mandioca de mesa a partir de resultados de experimentos realizados na regi\u00e3o, bem como o controle dos \u00e1caros e do percevejo-de-renda e o ajuste no espa\u00e7amento de plantas, visando \u00e0 redu\u00e7\u00e3o do d\u00e9ficit m\u00e9dio de 34 t\/ha em rela\u00e7\u00e3o ao potencial de 70 t\/ha de produtividade m\u00e1xima estimado para a regi\u00e3o.<\/p>\n<p>Os extensionistas consideraram positivo o treinamento e o m\u00e9todo utilizado para debater as quest\u00f5es da mandiocultura no DF. &#8220;Achei (a prosa t\u00e9cnica) muito pr\u00e1tica, nos aproxima muito da pesquisa e nos ajuda a entender os processos que estamos vivendo e construindo&#8221;, disse a engenheira agr\u00f4noma Gesinilde Santos, do escrit\u00f3rio da Emater-DF em Planaltina.<\/p>\n<p>H\u00e9lio Lopes, t\u00e9cnico em agropecu\u00e1ria do escrit\u00f3rio de Brazl\u00e2ndia, tamb\u00e9m destacou a aproxima\u00e7\u00e3o da pesquisa com a extens\u00e3o rural. &#8220;N\u00e3o s\u00e3o coisas diversas. A pesquisa gera tecnologia, mas ela precisa da extens\u00e3o para compreend\u00ea-la e transform\u00e1-la numa linguagem aceit\u00e1vel para o produtor, que \u00e9 quem vai receber a tecnologia gerada. Essa aproxima\u00e7\u00e3o \u00e9 interessante para discutir todos os gargalos da cultura e poder transformar (as informa\u00e7\u00f5es) numa linguagem simples e levar ao produtor rural&#8221;, comentou.<\/p>\n<p>Para Joselito de Souza, t\u00e9cnico em agropecu\u00e1ria do escrit\u00f3rio Pipiripau, os temas abordados no treinamento est\u00e3o relacionados \u00e0s demandas e angustias dos produtores. &#8220;A Embrapa e a Emater-DF j\u00e1 t\u00eam alguns trabalhos nessa \u00e1rea de atua\u00e7\u00e3o e sempre estamos em contato para melhorar as produtividades&#8221;, lembrou.<\/p>\n<p>Assim como os colegas, o engenheiro agr\u00f4nomo Kleiton Aquiles, do escrit\u00f3rio do Gama, destacou a import\u00e2ncia da troca de experi\u00eancias entre a pesquisa e a extens\u00e3o rural, al\u00e9m da divulga\u00e7\u00e3o das tecnologias existentes e as t\u00e9cnicas de desenvolvimento do cultivo aos produtores. &#8220;Desde o plantio at\u00e9 a colheita, \u00e9 fundamental obter um produto de qualidade que atenda \u00e0 demanda de consumo local&#8221;, afirmou.<\/p>\n","protected":false},"excerpt":{"rendered":"<p>Empenhadas no desenvolvimento da mandiocultura no Distrito Federal e regi\u00e3o, a Embrapa Cerrados (DF) e a Emater-DF promoveram um treinamento para cerca de 30 t\u00e9cnicos de todos os escrit\u00f3rios regionais do \u00f3rg\u00e3o de assist\u00eancia t\u00e9cnica e extens\u00e3o rural, visando ao nivelamento de informa\u00e7\u00f5es, conhecimentos e inova\u00e7\u00f5es tecnol\u00f3gicas relacionadas \u00e0 cultura para auxiliar os agricultores, al\u00e9m [&hellip;]<\/p>\n","protected":false},"author":2,"featured_media":342975,"comment_status":"closed","ping_status":"closed","sticky":false,"template":"","format":"standard","meta":{"_acf_changed":false,"footnotes":""},"categories":[161],"tags":[],"class_list":["post-342974","post","type-post","status-publish","format-standard","has-post-thumbnail","hentry","category-quadradinho-em-foco"],"acf":[],"_links":{"self":[{"href":"https:\/\/www.notibras.com\/site\/wp-json\/wp\/v2\/posts\/342974","targetHints":{"allow":["GET"]}}],"collection":[{"href":"https:\/\/www.notibras.com\/site\/wp-json\/wp\/v2\/posts"}],"about":[{"href":"https:\/\/www.notibras.com\/site\/wp-json\/wp\/v2\/types\/post"}],"author":[{"embeddable":true,"href":"https:\/\/www.notibras.com\/site\/wp-json\/wp\/v2\/users\/2"}],"replies":[{"embeddable":true,"href":"https:\/\/www.notibras.com\/site\/wp-json\/wp\/v2\/comments?post=342974"}],"version-history":[{"count":1,"href":"https:\/\/www.notibras.com\/site\/wp-json\/wp\/v2\/posts\/342974\/revisions"}],"predecessor-version":[{"id":342976,"href":"https:\/\/www.notibras.com\/site\/wp-json\/wp\/v2\/posts\/342974\/revisions\/342976"}],"wp:featuredmedia":[{"embeddable":true,"href":"https:\/\/www.notibras.com\/site\/wp-json\/wp\/v2\/media\/342975"}],"wp:attachment":[{"href":"https:\/\/www.notibras.com\/site\/wp-json\/wp\/v2\/media?parent=342974"}],"wp:term":[{"taxonomy":"category","embeddable":true,"href":"https:\/\/www.notibras.com\/site\/wp-json\/wp\/v2\/categories?post=342974"},{"taxonomy":"post_tag","embeddable":true,"href":"https:\/\/www.notibras.com\/site\/wp-json\/wp\/v2\/tags?post=342974"}],"curies":[{"name":"wp","href":"https:\/\/api.w.org\/{rel}","templated":true}]}}