{"id":342996,"date":"2024-12-13T07:56:31","date_gmt":"2024-12-13T10:56:31","guid":{"rendered":"https:\/\/www.notibras.com\/site\/?p=342996"},"modified":"2024-12-13T08:03:34","modified_gmt":"2024-12-13T11:03:34","slug":"revolucao-agitacao-confederacao-200-anos-da-morte-de-frei-caneca","status":"publish","type":"post","link":"https:\/\/www.notibras.com\/site\/revolucao-agitacao-confederacao-200-anos-da-morte-de-frei-caneca\/","title":{"rendered":"Revolu\u00e7\u00e3o, agita\u00e7\u00e3o, confedera\u00e7\u00e3o&#8230; 200 anos da morte de Frei Caneca"},"content":{"rendered":"<p>A sugest\u00e3o, em tom de desafio, veio da professora Cl\u00e1udia Neu. A Chefia de Reda\u00e7\u00e3o passa o comando e uma breve pesquisa permite-me enaltecer a hist\u00f3ria de Frei Caneca. Daqui a exatos 30 dias ser\u00e1 lembrado o bicenten\u00e1rio da sua morte.<\/p>\n<p>Transportar-se para o 13 de janeiro de 1824 n\u00e3o \u00e9 apenas honrar a mem\u00f3ria de um homem que chegou a proclamar a Confedera\u00e7\u00e3o do Equador e tombou no Forte das Cinco Pontas, no Recife. \u00c9, acima de tudo, revisitar quest\u00f5es que permanecem atuais, como a centraliza\u00e7\u00e3o do poder, a desigualdade e a busca por justi\u00e7a social. Joaquim do Amor Divino Rabelo \u00e9 um s\u00edmbolo de resist\u00eancia e um lembrete poderoso de que a luta por um Brasil melhor nunca termina.<\/p>\n<p>Figura central na Confedera\u00e7\u00e3o do Equador, movimento republicano que eclodiu em 1824 como resposta ao autoritarismo do governo de D. Pedro I, Frei Caneca, um intelectual, orador e ferrenho defensor da autonomia das prov\u00edncias, defendeu um Brasil mais justo e igualit\u00e1rio que, passados 200 anos, n\u00e3o chega. Mesmo diante de persegui\u00e7\u00f5es e amea\u00e7as, ele manteve sua posi\u00e7\u00e3o firme, pagando o pre\u00e7o mais alto por sua coragem.<\/p>\n<p>A viagem \u00e9 imagin\u00e1ria, com roteiro de poetas de literatura de cordel e de repentistas que circulam pelo Nordeste, desafiando<em> Deus e o Diabo na Terra do Sol; <\/em>vimos sob o calor escaldante do Recife, entre becos de pedra e \u00e2nimos em brasa, Frei Caneca erguer sua voz. N\u00e3o uma voz qualquer, mas a melodia da liberdade, o sussurro de uma p\u00e1tria que ainda n\u00e3o sabia seu nome.\u00a0 Ele n\u00e3o carregava apenas o peso do h\u00e1bito, mas o peso de uma na\u00e7\u00e3o que sonhava. Era o padre, o jornalista, o revolucion\u00e1rio. O homem que ousou acreditar que os la\u00e7os podiam ser rompidos, que o jugo imperial n\u00e3o era destino, mas escolha.<\/p>\n<p>O Brasil daquele 1824 era um corpo em febre, dividido entre a promessa de independ\u00eancia e a realidade de um trono que se alargava pelo continente. Frei Caneca, com sua pena afiada e a B\u00edblia no peito, transformou-se em um farol. Na Confedera\u00e7\u00e3o do Equador, viu-se a fa\u00edsca de um sonho coletivo, onde Pernambuco e seus irm\u00e3os do norte buscavam escrever sua pr\u00f3pria hist\u00f3ria. Mas como todo sonho revolucion\u00e1rio, o pre\u00e7o foi alto.<\/p>\n<p>Escreve o cordelista Ant\u00f4nio Pedro:<\/p>\n<p><strong>No altar do Nordeste nasceu, Sob o sol que queima e refaz. Frei Caneca, voz de brado e f\u00e9, Levantou-se contra o jugo mordaz. Oh, p\u00e1tria que ainda rasteja, Por que temes tua pr\u00f3pria m\u00e3o? Se a liberdade \u00e9 m\u00e3e que enseja, Por que cingir-te \u00e0 servid\u00e3o?. No Recife ouviu-se o clamor, De um povo que ansiava por luz. A Confedera\u00e7\u00e3o foi seu ardor, Mas o imp\u00e9rio cruzou-lhe a cruz.<\/strong><\/p>\n<p>Carlos Jos\u00e9, repentista, apresenta a r\u00e9plica:<\/p>\n<p>Preso, humilhado, Frei Caneca n\u00e3o se rendeu. Quando lhe ofereceram o perd\u00e3o em troca do sil\u00eancio, respondeu com o a\u00e7o de sua convic\u00e7\u00e3o. A vida n\u00e3o vale mais que a liberdade. E assim, no dia 13 de janeiro de 1825, encontrou sua morte. As balas de fuzil que lhe atravessaram o peito n\u00e3o calaram sua voz. Ao contr\u00e1rio, ecoaram pelos vales e montanhas do Brasil, inspirando gera\u00e7\u00f5es que viriam a seguir.<\/p>\n<p><strong>Calou-se o homem, mas nunca a ideia, Que vibra no vento e no ch\u00e3o. Frei Caneca vive onde a luta semeia, No sonho ardente de uma na\u00e7\u00e3o. E assim, sua cruz torna-se guia, O m\u00e1rtir ergue-se em mem\u00f3ria. A Confedera\u00e7\u00e3o, que n\u00e3o foi um dia. Permanece viva em nossa hist\u00f3ria.<\/strong><\/p>\n","protected":false},"excerpt":{"rendered":"<p>A sugest\u00e3o, em tom de desafio, veio da professora Cl\u00e1udia Neu. A Chefia de Reda\u00e7\u00e3o passa o comando e uma breve pesquisa permite-me enaltecer a hist\u00f3ria de Frei Caneca. Daqui a exatos 30 dias ser\u00e1 lembrado o bicenten\u00e1rio da sua morte. Transportar-se para o 13 de janeiro de 1824 n\u00e3o \u00e9 apenas honrar a mem\u00f3ria [&hellip;]<\/p>\n","protected":false},"author":2,"featured_media":342997,"comment_status":"closed","ping_status":"closed","sticky":false,"template":"","format":"standard","meta":{"_acf_changed":false,"footnotes":""},"categories":[165],"tags":[95],"class_list":["post-342996","post","type-post","status-publish","format-standard","has-post-thumbnail","hentry","category-nordeste","tag-capa"],"acf":[],"_links":{"self":[{"href":"https:\/\/www.notibras.com\/site\/wp-json\/wp\/v2\/posts\/342996","targetHints":{"allow":["GET"]}}],"collection":[{"href":"https:\/\/www.notibras.com\/site\/wp-json\/wp\/v2\/posts"}],"about":[{"href":"https:\/\/www.notibras.com\/site\/wp-json\/wp\/v2\/types\/post"}],"author":[{"embeddable":true,"href":"https:\/\/www.notibras.com\/site\/wp-json\/wp\/v2\/users\/2"}],"replies":[{"embeddable":true,"href":"https:\/\/www.notibras.com\/site\/wp-json\/wp\/v2\/comments?post=342996"}],"version-history":[{"count":2,"href":"https:\/\/www.notibras.com\/site\/wp-json\/wp\/v2\/posts\/342996\/revisions"}],"predecessor-version":[{"id":342999,"href":"https:\/\/www.notibras.com\/site\/wp-json\/wp\/v2\/posts\/342996\/revisions\/342999"}],"wp:featuredmedia":[{"embeddable":true,"href":"https:\/\/www.notibras.com\/site\/wp-json\/wp\/v2\/media\/342997"}],"wp:attachment":[{"href":"https:\/\/www.notibras.com\/site\/wp-json\/wp\/v2\/media?parent=342996"}],"wp:term":[{"taxonomy":"category","embeddable":true,"href":"https:\/\/www.notibras.com\/site\/wp-json\/wp\/v2\/categories?post=342996"},{"taxonomy":"post_tag","embeddable":true,"href":"https:\/\/www.notibras.com\/site\/wp-json\/wp\/v2\/tags?post=342996"}],"curies":[{"name":"wp","href":"https:\/\/api.w.org\/{rel}","templated":true}]}}