{"id":343019,"date":"2024-12-13T08:58:30","date_gmt":"2024-12-13T11:58:30","guid":{"rendered":"https:\/\/www.notibras.com\/site\/?p=343019"},"modified":"2024-12-13T11:01:52","modified_gmt":"2024-12-13T14:01:52","slug":"estresse-do-dia-a-dia-tem-enfim-final-feliz","status":"publish","type":"post","link":"https:\/\/www.notibras.com\/site\/estresse-do-dia-a-dia-tem-enfim-final-feliz\/","title":{"rendered":"Estresse do dia a dia tem enfim final feliz"},"content":{"rendered":"<p>Margarete andava estressada. Al\u00e9m do trabalho no escrit\u00f3rio, precisava cuidar dos afazeres dom\u00e9sticos. Mal abriu a porta do apartamento, Paulo e Amanda, os filhos de 13 e 10 anos, reclamaram que n\u00e3o aguentavam mais comida requentada. Jorge, o marido, fingiu prestar aten\u00e7\u00e3o ao notici\u00e1rio na televis\u00e3o, talvez para evitar entrar no poss\u00edvel imbr\u00f3glio.<\/p>\n<p>\u2014 Chega!<\/p>\n<p>O homem e as crian\u00e7as, olhos arregalados, miraram Margarete. O que teria acontecido com a esposa? Mam\u00e3e estava bem? Jorge tentou fazer c\u00e1lculos de cabe\u00e7a e, apesar da matem\u00e1tica ruim, descartou a possibilidade da mulher estar em per\u00edodo cr\u00edtico.<\/p>\n<p>Jorge desligou a televis\u00e3o e foi at\u00e9 a companheira. Margarete, nos bra\u00e7os do marido, desabou em choro compulsivo. As crian\u00e7as se entreolharam e, em seguida, Amanda indicou com leve movimento de cabe\u00e7a que precisavam confortar a m\u00e3e.<\/p>\n<p>No centro da sala, Margarete se viu abra\u00e7ada pela fam\u00edlia, at\u00e9 que se recomp\u00f4s. Enxugou as l\u00e1grimas com as m\u00e3os e for\u00e7ou um sorriso que j\u00e1 n\u00e3o possu\u00eda.<\/p>\n<p>\u2014 Vamos pedir pizza.<\/p>\n<p>\u2014 Oba! &#8211; disse o filho.<\/p>\n<p>\u2014 N\u00e3o, Paulo. Vamos comer a comida que a mam\u00e3e fez.<\/p>\n<p>Margarete olhou para filha e sorriu o primeiro sorriso sincero do dia.<\/p>\n<p>&#8230;&#8230;&#8230;&#8230;&#8230;&#8230;&#8230;&#8230;&#8230;&#8230;<\/p>\n<div>*<strong>Eduardo Mart\u00ednez \u00e9 autor do livro \u201c57 Contos e Cr\u00f4nicas por um Autor muito Velho\u201d.<\/strong><\/div>\n<div>\n<div class=\"mvp-post-soc-in\">\n<div id=\"mvp-content-body\" class=\"left relative\">\n<div id=\"mvp-content-body-top\" class=\"left relative\">\n<div id=\"mvp-content-main\" class=\"left relative\">\n<p>Compre aqui\u00a0<span class=\"x19la9d6 x1fc57z9 x6ikm8r x10wlt62 x19co3pv x1g5zs5t xfibh0p xiy17q3 x1xsqp64 x1lkfr7t xexx8yu x4uap5 x18d9i69 xkhd6sd\"><span class=\"xrtxmta x1bhl96m\"><img decoding=\"async\" class=\"emoji\" role=\"img\" draggable=\"false\" src=\"https:\/\/s.w.org\/images\/core\/emoji\/14.0.0\/svg\/1f447-1f3ff.svg\" alt=\"&#x1f447;&#x1f3ff;\" \/><\/span><\/span><span class=\"x19la9d6 x1fc57z9 x6ikm8r x10wlt62 x19co3pv x1g5zs5t xfibh0p xiy17q3 x1xsqp64 x1lkfr7t xexx8yu x4uap5 x18d9i69 xkhd6sd\"><span class=\"xrtxmta x1bhl96m\"><img decoding=\"async\" class=\"emoji\" role=\"img\" draggable=\"false\" src=\"https:\/\/s.w.org\/images\/core\/emoji\/14.0.0\/svg\/1f447-1f3ff.svg\" alt=\"&#x1f447;&#x1f3ff;\" \/><\/span><\/span><span class=\"x19la9d6 x1fc57z9 x6ikm8r x10wlt62 x19co3pv x1g5zs5t xfibh0p xiy17q3 x1xsqp64 x1lkfr7t xexx8yu x4uap5 x18d9i69 xkhd6sd\"><span class=\"xrtxmta x1bhl96m\"><img decoding=\"async\" class=\"emoji\" role=\"img\" draggable=\"false\" src=\"https:\/\/s.w.org\/images\/core\/emoji\/14.0.0\/svg\/1f447-1f3ff.svg\" alt=\"&#x1f447;&#x1f3ff;\" \/><\/span><\/span><\/p>\n<p><a href=\"http:\/\/www.joanineditora.com.br\/57-contos-e-cronicas-por-um-autor-muito-velho\">http:\/\/www.joanineditora.com.br\/57-contos-e-cronicas-por-um-autor-muito-velho<\/a><\/p>\n<\/div>\n<\/div>\n<\/div>\n<\/div>\n<\/div>\n","protected":false},"excerpt":{"rendered":"<p>Margarete andava estressada. Al\u00e9m do trabalho no escrit\u00f3rio, precisava cuidar dos afazeres dom\u00e9sticos. Mal abriu a porta do apartamento, Paulo e Amanda, os filhos de 13 e 10 anos, reclamaram que n\u00e3o aguentavam mais comida requentada. Jorge, o marido, fingiu prestar aten\u00e7\u00e3o ao notici\u00e1rio na televis\u00e3o, talvez para evitar entrar no poss\u00edvel imbr\u00f3glio. \u2014 Chega! [&hellip;]<\/p>\n","protected":false},"author":2,"featured_media":343020,"comment_status":"closed","ping_status":"closed","sticky":false,"template":"","format":"standard","meta":{"_acf_changed":false,"footnotes":""},"categories":[161],"tags":[],"class_list":["post-343019","post","type-post","status-publish","format-standard","has-post-thumbnail","hentry","category-quadradinho-em-foco"],"acf":[],"_links":{"self":[{"href":"https:\/\/www.notibras.com\/site\/wp-json\/wp\/v2\/posts\/343019","targetHints":{"allow":["GET"]}}],"collection":[{"href":"https:\/\/www.notibras.com\/site\/wp-json\/wp\/v2\/posts"}],"about":[{"href":"https:\/\/www.notibras.com\/site\/wp-json\/wp\/v2\/types\/post"}],"author":[{"embeddable":true,"href":"https:\/\/www.notibras.com\/site\/wp-json\/wp\/v2\/users\/2"}],"replies":[{"embeddable":true,"href":"https:\/\/www.notibras.com\/site\/wp-json\/wp\/v2\/comments?post=343019"}],"version-history":[{"count":3,"href":"https:\/\/www.notibras.com\/site\/wp-json\/wp\/v2\/posts\/343019\/revisions"}],"predecessor-version":[{"id":343032,"href":"https:\/\/www.notibras.com\/site\/wp-json\/wp\/v2\/posts\/343019\/revisions\/343032"}],"wp:featuredmedia":[{"embeddable":true,"href":"https:\/\/www.notibras.com\/site\/wp-json\/wp\/v2\/media\/343020"}],"wp:attachment":[{"href":"https:\/\/www.notibras.com\/site\/wp-json\/wp\/v2\/media?parent=343019"}],"wp:term":[{"taxonomy":"category","embeddable":true,"href":"https:\/\/www.notibras.com\/site\/wp-json\/wp\/v2\/categories?post=343019"},{"taxonomy":"post_tag","embeddable":true,"href":"https:\/\/www.notibras.com\/site\/wp-json\/wp\/v2\/tags?post=343019"}],"curies":[{"name":"wp","href":"https:\/\/api.w.org\/{rel}","templated":true}]}}