{"id":343045,"date":"2024-12-13T16:47:57","date_gmt":"2024-12-13T19:47:57","guid":{"rendered":"https:\/\/www.notibras.com\/site\/?p=343045"},"modified":"2024-12-13T19:49:22","modified_gmt":"2024-12-13T22:49:22","slug":"arapoanga-tera-mais-opcoes-de-viagens-diretas-para-o-plano","status":"publish","type":"post","link":"https:\/\/www.notibras.com\/site\/arapoanga-tera-mais-opcoes-de-viagens-diretas-para-o-plano\/","title":{"rendered":"Arapoanga ter\u00e1 mais op\u00e7\u00f5es de viagens diretas para o Plano"},"content":{"rendered":"<p>Os usu\u00e1rios do transporte p\u00fablico coletivo do Arapoanga ter\u00e3o mais 27 op\u00e7\u00f5es de viagens diretas para o Plano Piloto, passando pela DF-230, a partir desta segunda-feira (16). A medida da Secretaria de Transporte e Mobilidade do Distrito Federal (Semob-DF) mexe com as grades hor\u00e1rias, com os itiner\u00e1rios e cria uma nova linha para atender os deslocamentos dos passageiros da regi\u00e3o. Ao todo, sete linhas sofreram interven\u00e7\u00f5es.<\/p>\n<p>\u201cEstivemos na audi\u00eancia no Arapoanga, ouvindo as solicita\u00e7\u00f5es da comunidade, e decidimos pela amplia\u00e7\u00e3o da oferta de viagens e a cria\u00e7\u00e3o de uma nova linha direcionando o atendimento \u00e0s liga\u00e7\u00f5es mais r\u00e1pidas para o Plano Piloto\u201d, explicou o secret\u00e1rio da Semob, Zeno Gon\u00e7alves. Segundo ele, os ajustes v\u00e3o reduzir o tempo de viagem e consequentemente o tempo do usu\u00e1rio no interior dos ve\u00edculos, melhorando a qualidade do servi\u00e7o de transporte oferecido aos moradores da regi\u00e3o.<\/p>\n<p>A nova linha \u00e9 a 616.0, criada para refor\u00e7ar o atendimento at\u00e9 a Rodovi\u00e1ria do Plano Piloto. Ser\u00e3o seis viagens somente no sentido Plano Piloto, saindo do Arapoanga direto pela rodovia DF-230. Aumentando a frota em quatro ve\u00edculos, esta linha vai absorver as viagens matutinas da linha 643.1, que por sua vez ter\u00e1 hor\u00e1rios somente \u00e0 noite, no sentido de volta para o Arapoanga. Ser\u00e3o cinco sa\u00eddas da Rodovi\u00e1ria a partir das 18h.<\/p>\n<p>Outras duas linhas que j\u00e1 realizam viagens diretas pela DF-230 ter\u00e3o, juntas, um acr\u00e9scimo de 12 viagens. A 0.616 (Eixo Norte \u2013 Sul) passar\u00e1 de oito para 16 partidas ao dia. E a 0.643 (W 3 Norte \u2013 Sul) passar\u00e1 de 12 para 16 viagens di\u00e1rias. J\u00e1 a linha 643.2 ter\u00e1 aumento de cinco viagens no sentido W3 Sul \u2013 Norte \u2013 Arapoanga. A linha 616.9 tamb\u00e9m ter\u00e1 amplia\u00e7\u00e3o de quatro viagens no sentido Plano Piloto \u2013 Arapoanga.<\/p>\n<p>Na nova programa\u00e7\u00e3o do transporte coletivo do Arapoanga, as linhas 616.2, 643.1, 616.8, 616.9 e 0.601 sofrer\u00e3o interven\u00e7\u00f5es, de forma a adequar a oferta de viagens \u00e0s necessidades dos usu\u00e1rios da regi\u00e3o.<\/p>\n<p>A linha 600.4, que atende Mestre D\u2019Armas, tamb\u00e9m sofrer\u00e1 ajustes. O ponto de partida ser\u00e1 alterado para a Bica do DER, e o itiner\u00e1rio ser\u00e1 o mesmo que \u00e9 feito pela linha 0.642. Al\u00e9m disso, a 600.4 ter\u00e1 acr\u00e9scimo de duas viagens no sentido de ida para o Plano Piloto, e tr\u00eas viagens a mais no sentido de volta para Mestre D\u2019Armas.<\/p>\n<p>Para os per\u00edodos fora dos hor\u00e1rios de pico, quando h\u00e1 redu\u00e7\u00e3o na quantidade de passageiros, a Semob mant\u00e9m em opera\u00e7\u00e3o as linhas circulares 064.1, 066.5 e 066.6, que juntas oferecem 114 viagens\/dia. Por essas linhas, os passageiros podem fazer a integra\u00e7\u00e3o na esta\u00e7\u00e3o de Planaltina, com as linhas troncais 600.7 e 620.1, para Rodovi\u00e1ria do Plano Piloto, e a 640.2 para as vias W3 Norte e Sul. A integra\u00e7\u00e3o \u00e9 um benef\u00edcio para usu\u00e1rios do Cart\u00e3o Mobilidade ou vale-transporte, podendo utilizar at\u00e9 tr\u00eas linhas, num per\u00edodo de tr\u00eas horas, pagando a tarifa m\u00e1xima de R$ 5,50.<\/p>\n","protected":false},"excerpt":{"rendered":"<p>Os usu\u00e1rios do transporte p\u00fablico coletivo do Arapoanga ter\u00e3o mais 27 op\u00e7\u00f5es de viagens diretas para o Plano Piloto, passando pela DF-230, a partir desta segunda-feira (16). A medida da Secretaria de Transporte e Mobilidade do Distrito Federal (Semob-DF) mexe com as grades hor\u00e1rias, com os itiner\u00e1rios e cria uma nova linha para atender os [&hellip;]<\/p>\n","protected":false},"author":2,"featured_media":343046,"comment_status":"closed","ping_status":"closed","sticky":false,"template":"","format":"standard","meta":{"_acf_changed":false,"footnotes":""},"categories":[161],"tags":[],"class_list":["post-343045","post","type-post","status-publish","format-standard","has-post-thumbnail","hentry","category-quadradinho-em-foco"],"acf":[],"_links":{"self":[{"href":"https:\/\/www.notibras.com\/site\/wp-json\/wp\/v2\/posts\/343045","targetHints":{"allow":["GET"]}}],"collection":[{"href":"https:\/\/www.notibras.com\/site\/wp-json\/wp\/v2\/posts"}],"about":[{"href":"https:\/\/www.notibras.com\/site\/wp-json\/wp\/v2\/types\/post"}],"author":[{"embeddable":true,"href":"https:\/\/www.notibras.com\/site\/wp-json\/wp\/v2\/users\/2"}],"replies":[{"embeddable":true,"href":"https:\/\/www.notibras.com\/site\/wp-json\/wp\/v2\/comments?post=343045"}],"version-history":[{"count":1,"href":"https:\/\/www.notibras.com\/site\/wp-json\/wp\/v2\/posts\/343045\/revisions"}],"predecessor-version":[{"id":343047,"href":"https:\/\/www.notibras.com\/site\/wp-json\/wp\/v2\/posts\/343045\/revisions\/343047"}],"wp:featuredmedia":[{"embeddable":true,"href":"https:\/\/www.notibras.com\/site\/wp-json\/wp\/v2\/media\/343046"}],"wp:attachment":[{"href":"https:\/\/www.notibras.com\/site\/wp-json\/wp\/v2\/media?parent=343045"}],"wp:term":[{"taxonomy":"category","embeddable":true,"href":"https:\/\/www.notibras.com\/site\/wp-json\/wp\/v2\/categories?post=343045"},{"taxonomy":"post_tag","embeddable":true,"href":"https:\/\/www.notibras.com\/site\/wp-json\/wp\/v2\/tags?post=343045"}],"curies":[{"name":"wp","href":"https:\/\/api.w.org\/{rel}","templated":true}]}}