{"id":343048,"date":"2024-12-13T15:51:42","date_gmt":"2024-12-13T18:51:42","guid":{"rendered":"https:\/\/www.notibras.com\/site\/?p=343048"},"modified":"2024-12-13T19:56:00","modified_gmt":"2024-12-13T22:56:00","slug":"cameras-e-barreiras-eletronicas-vao-aumentar-a-seguranca-na-df-150","status":"publish","type":"post","link":"https:\/\/www.notibras.com\/site\/cameras-e-barreiras-eletronicas-vao-aumentar-a-seguranca-na-df-150\/","title":{"rendered":"C\u00e2meras e barreiras eletr\u00f4nicas v\u00e3o aumentar a seguran\u00e7a na DF-150"},"content":{"rendered":"<p>Equipes do Governo do Distrito Federal (GDF) definiram uma s\u00e9rie de a\u00e7\u00f5es para evitar acidentes na DF-150, na Fercal. A for\u00e7a-tarefa envolve a Secretaria de Governo, o Departamento de Estradas de Rodagem (DER-DF) e a Administra\u00e7\u00e3o Regional da cidade.<\/p>\n<p>As medidas foram definidas em reuni\u00f5es frequentes entre os \u00f3rg\u00e3os e a comunidade local. Entre as a\u00e7\u00f5es previstas est\u00e3o:<\/p>\n<p><strong>\u2192 Melhoria da sinaliza\u00e7\u00e3o vi\u00e1ria com coloca\u00e7\u00e3o de balizadores nos eixos e mais defensas met\u00e1licas;<\/strong><\/p>\n<p><strong>\u2192 Cria\u00e7\u00e3o de uma \u00e1rea de escape em lugar detectado como estrat\u00e9gico pela equipe t\u00e9cnica do DER-DF para resguardo dos caminh\u00f5es que porventura percam o freio;<\/strong><\/p>\n<p><strong>\u2192 Instala\u00e7\u00e3o de c\u00e2meras de monitoramento para fiscaliza\u00e7\u00e3o e detec\u00e7\u00e3o de imprud\u00eancias de motoristas;<\/strong><\/p>\n<p><strong>\u2192 Realiza\u00e7\u00e3o de curso de reciclagem em parceria com as f\u00e1bricas e ind\u00fastrias de cimento para treinamento de motoristas em conjunto com a escola de tr\u00e2nsito do DER;<\/strong><\/p>\n<p><strong>\u2192 Instala\u00e7\u00e3o de mais duas barreiras eletr\u00f4nicas em substitui\u00e7\u00e3o aos quebra-molas para diminuir a velocidade dos ve\u00edculos.<\/strong><\/p>\n<p>\u201cO governo est\u00e1 atento \u00e0s circunst\u00e2ncias da comunidade da Fercal no que diz respeito \u00e0 DF-150. Uma equipe do DER fez uma visita t\u00e9cnica ao local e identificou o que precisa ser feito de melhoria para evitar acidentes na via. Algumas solu\u00e7\u00f5es j\u00e1 ser\u00e3o adotadas de imediato e um projeto com medidas mais estruturantes ser\u00e1 estudado para dinamizar o tr\u00e2nsito daquela regi\u00e3o. Lamentamos muito o acidente ocorrido recentemente, a comunidade n\u00e3o est\u00e1 sozinha, estamos cuidando da DF-150\u201d, apontou o secret\u00e1rio de Governo, Jos\u00e9 Humberto Pires de Ara\u00fajo.<\/p>\n<p>A posi\u00e7\u00e3o foi refor\u00e7ada pelo presidente do DER-DF, Fauzi Nacfur Junior: \u201cO Governo do Distrito Federal est\u00e1 atento e tem tomado medidas efetivas para resolver esse problema na regi\u00e3o da Fercal\u201d.<\/p>\n<p>J\u00e1 o administrador regional, Fernando Madeira, pontuou que as reuni\u00f5es entre os representantes do GDF e a comunidade foram produtivas e ressaltou a import\u00e2ncia da via para as f\u00e1bricas da regi\u00e3o. Segundo ele, h\u00e1 no local um fluxo muito intenso, com mais de mil carretas trafegando pela pista diariamente. \u201cA Fercal tem uma import\u00e2ncia muito grande na economia do DF. Ent\u00e3o, temos que garantir essa fluidez com seguran\u00e7a para os usu\u00e1rios e para as empresas\u201d, completou.<\/p>\n","protected":false},"excerpt":{"rendered":"<p>Equipes do Governo do Distrito Federal (GDF) definiram uma s\u00e9rie de a\u00e7\u00f5es para evitar acidentes na DF-150, na Fercal. A for\u00e7a-tarefa envolve a Secretaria de Governo, o Departamento de Estradas de Rodagem (DER-DF) e a Administra\u00e7\u00e3o Regional da cidade. As medidas foram definidas em reuni\u00f5es frequentes entre os \u00f3rg\u00e3os e a comunidade local. Entre as [&hellip;]<\/p>\n","protected":false},"author":2,"featured_media":343049,"comment_status":"closed","ping_status":"closed","sticky":false,"template":"","format":"standard","meta":{"_acf_changed":false,"footnotes":""},"categories":[161],"tags":[],"class_list":["post-343048","post","type-post","status-publish","format-standard","has-post-thumbnail","hentry","category-quadradinho-em-foco"],"acf":[],"_links":{"self":[{"href":"https:\/\/www.notibras.com\/site\/wp-json\/wp\/v2\/posts\/343048","targetHints":{"allow":["GET"]}}],"collection":[{"href":"https:\/\/www.notibras.com\/site\/wp-json\/wp\/v2\/posts"}],"about":[{"href":"https:\/\/www.notibras.com\/site\/wp-json\/wp\/v2\/types\/post"}],"author":[{"embeddable":true,"href":"https:\/\/www.notibras.com\/site\/wp-json\/wp\/v2\/users\/2"}],"replies":[{"embeddable":true,"href":"https:\/\/www.notibras.com\/site\/wp-json\/wp\/v2\/comments?post=343048"}],"version-history":[{"count":1,"href":"https:\/\/www.notibras.com\/site\/wp-json\/wp\/v2\/posts\/343048\/revisions"}],"predecessor-version":[{"id":343050,"href":"https:\/\/www.notibras.com\/site\/wp-json\/wp\/v2\/posts\/343048\/revisions\/343050"}],"wp:featuredmedia":[{"embeddable":true,"href":"https:\/\/www.notibras.com\/site\/wp-json\/wp\/v2\/media\/343049"}],"wp:attachment":[{"href":"https:\/\/www.notibras.com\/site\/wp-json\/wp\/v2\/media?parent=343048"}],"wp:term":[{"taxonomy":"category","embeddable":true,"href":"https:\/\/www.notibras.com\/site\/wp-json\/wp\/v2\/categories?post=343048"},{"taxonomy":"post_tag","embeddable":true,"href":"https:\/\/www.notibras.com\/site\/wp-json\/wp\/v2\/tags?post=343048"}],"curies":[{"name":"wp","href":"https:\/\/api.w.org\/{rel}","templated":true}]}}