{"id":343054,"date":"2024-12-13T13:05:00","date_gmt":"2024-12-13T16:05:00","guid":{"rendered":"https:\/\/www.notibras.com\/site\/?p=343054"},"modified":"2024-12-13T20:06:24","modified_gmt":"2024-12-13T23:06:24","slug":"saude-adota-nova-estrategia-de-vacinacao-contra-a-covid-19","status":"publish","type":"post","link":"https:\/\/www.notibras.com\/site\/saude-adota-nova-estrategia-de-vacinacao-contra-a-covid-19\/","title":{"rendered":"Sa\u00fade adota nova estrat\u00e9gia de vacina\u00e7\u00e3o contra a covid-19"},"content":{"rendered":"<p>A Secretaria de Sa\u00fade passou a adotar a nova estrat\u00e9gia de vacina\u00e7\u00e3o contra a covid-19 divulgada esta semana pelo Minist\u00e9rio da Sa\u00fade (MS). A partir de agora, a vacina contra covid-19 faz parte do Calend\u00e1rio Nacional de Vacina\u00e7\u00e3o para gestantes e idosos, bem como para crian\u00e7as de 6 meses a 4 anos, que j\u00e1 havia sido incorporada no in\u00edcio do ano. Tamb\u00e9m foi iniciada a oferta da vacina da Zalika Farmac\u00eautica no Programa Nacional de Imuniza\u00e7\u00f5es (PNI).<\/p>\n<p>As gestantes devem ser imunizadas com uma dose a cada gesta\u00e7\u00e3o. J\u00e1 os idosos (60 anos ou mais) receber\u00e3o uma dose a cada seis meses. A vacina\u00e7\u00e3o dos demais grupos especiais a partir de 5 anos de idade ser\u00e1 realizada anualmente em qualquer sala de vacina do DF, sendo a cada seis meses para imunocomprometidos.<\/p>\n<p>Os seguintes grupos devem realizar a vacina\u00e7\u00e3o a cada ano: pessoas vivendo em institui\u00e7\u00f5es de longa perman\u00eancia; ind\u00edgenas; ribeirinhos; quilombolas; pu\u00e9rperas; trabalhadores da sa\u00fade; pessoas com defici\u00eancia permanente; pessoas com comorbidades; pessoas privadas de liberdade; funcion\u00e1rios do sistema de priva\u00e7\u00e3o de liberdade; adolescentes e jovens cumprindo medidas socioeducativas e pessoas em situa\u00e7\u00e3o de rua.<\/p>\n<p>Segundo a Secret\u00e1ria de Sa\u00fade Lucilene Flor\u00eancio, as pessoas n\u00e3o podem perder a aten\u00e7\u00e3o com rela\u00e7\u00e3o \u00e0 doen\u00e7a. \u201cA covid-19 ainda causa a perda de vidas no DF. \u00c9 imprescind\u00edvel que a popula\u00e7\u00e3o eleg\u00edvel mantenha a vacina\u00e7\u00e3o em dia\u201d, afirma.<\/p>\n<p>Segundo o Minist\u00e9rio da Sa\u00fade, a vacina da Zalika Farmac\u00eautica, que come\u00e7ou a ser distribu\u00edda no Brasil em dezembro, demonstrou seguran\u00e7a e alta efic\u00e1cia contra casos sintom\u00e1ticos de covid-19 em adultos, al\u00e9m de ter vantagens log\u00edsticas como o alto prazo de validade e a facilidade para o transporte e armazenamento. A vacina ser\u00e1 utilizada no Brasil para indiv\u00edduos com 12 anos ou mais, faixa et\u00e1ria aprovada pela Ag\u00eancia Nacional de Vigil\u00e2ncia Sanit\u00e1ria (Anvisa).<\/p>\n<p>Para as crian\u00e7as com menos de 12 anos, ser\u00e1 distribu\u00edda a vacina de RNA mensageiro da Pfizer. As crian\u00e7as, de 6 meses a 4 anos, que iniciarem o esquema com essa vacina dever\u00e3o receber tr\u00eas doses do imunizante, com intervalos de quatro semanas entre a primeira e a segunda dose; e de oito semanas entre a segunda e terceira dose. J\u00e1 as crian\u00e7as, de 6 meses a 4 anos, que iniciaram o esquema com a vacina da Moderna devem concluir o esquema de duas doses com esse mesmo imunizante, com intervalo de quatro semanas entre a primeira e a segunda dose.<\/p>\n","protected":false},"excerpt":{"rendered":"<p>A Secretaria de Sa\u00fade passou a adotar a nova estrat\u00e9gia de vacina\u00e7\u00e3o contra a covid-19 divulgada esta semana pelo Minist\u00e9rio da Sa\u00fade (MS). A partir de agora, a vacina contra covid-19 faz parte do Calend\u00e1rio Nacional de Vacina\u00e7\u00e3o para gestantes e idosos, bem como para crian\u00e7as de 6 meses a 4 anos, que j\u00e1 havia [&hellip;]<\/p>\n","protected":false},"author":2,"featured_media":343055,"comment_status":"closed","ping_status":"closed","sticky":false,"template":"","format":"standard","meta":{"_acf_changed":false,"footnotes":""},"categories":[161],"tags":[],"class_list":["post-343054","post","type-post","status-publish","format-standard","has-post-thumbnail","hentry","category-quadradinho-em-foco"],"acf":[],"_links":{"self":[{"href":"https:\/\/www.notibras.com\/site\/wp-json\/wp\/v2\/posts\/343054","targetHints":{"allow":["GET"]}}],"collection":[{"href":"https:\/\/www.notibras.com\/site\/wp-json\/wp\/v2\/posts"}],"about":[{"href":"https:\/\/www.notibras.com\/site\/wp-json\/wp\/v2\/types\/post"}],"author":[{"embeddable":true,"href":"https:\/\/www.notibras.com\/site\/wp-json\/wp\/v2\/users\/2"}],"replies":[{"embeddable":true,"href":"https:\/\/www.notibras.com\/site\/wp-json\/wp\/v2\/comments?post=343054"}],"version-history":[{"count":1,"href":"https:\/\/www.notibras.com\/site\/wp-json\/wp\/v2\/posts\/343054\/revisions"}],"predecessor-version":[{"id":343056,"href":"https:\/\/www.notibras.com\/site\/wp-json\/wp\/v2\/posts\/343054\/revisions\/343056"}],"wp:featuredmedia":[{"embeddable":true,"href":"https:\/\/www.notibras.com\/site\/wp-json\/wp\/v2\/media\/343055"}],"wp:attachment":[{"href":"https:\/\/www.notibras.com\/site\/wp-json\/wp\/v2\/media?parent=343054"}],"wp:term":[{"taxonomy":"category","embeddable":true,"href":"https:\/\/www.notibras.com\/site\/wp-json\/wp\/v2\/categories?post=343054"},{"taxonomy":"post_tag","embeddable":true,"href":"https:\/\/www.notibras.com\/site\/wp-json\/wp\/v2\/tags?post=343054"}],"curies":[{"name":"wp","href":"https:\/\/api.w.org\/{rel}","templated":true}]}}