{"id":343071,"date":"2024-12-14T00:09:12","date_gmt":"2024-12-14T03:09:12","guid":{"rendered":"https:\/\/www.notibras.com\/site\/?p=343071"},"modified":"2024-12-14T03:31:30","modified_gmt":"2024-12-14T06:31:30","slug":"fuga-de-presos-de-presidio-teve-ataque-ate-com-fuzis","status":"publish","type":"post","link":"https:\/\/www.notibras.com\/site\/fuga-de-presos-de-presidio-teve-ataque-ate-com-fuzis\/","title":{"rendered":"Fuga de presos de pres\u00eddio teve ataque at\u00e9 com fuzis"},"content":{"rendered":"<p>As for\u00e7as policiais na Bahia buscam recapturar os 16 presos que fugiram no final da noite de quinta-feira (12), por volta das 23h, do complexo penal de Eun\u00e1polis, a 650 quil\u00f4metros ao sul de Salvador. Os detentos conseguiram sair do pres\u00eddio depois de um ataque de um grupo de criminosos que portavam armas de grosso calibre, inclusive fuzis. As informa\u00e7\u00f5es s\u00e3o da Secretaria de Administra\u00e7\u00e3o Penitenci\u00e1ria e Ressocializa\u00e7\u00e3o da Bahia (Seap).<\/p>\n<p>Segundo o governo do estado, os homens, ap\u00f3s ingressar na \u00e1rea do pres\u00eddio, conseguiram abrir duas celas. O complexo em Eun\u00e1polis funciona em regime de cogest\u00e3o do estado com a empresa privada Reviver. Foram os funcion\u00e1rios da empresa que acionaram a Pol\u00edcia Civil.<\/p>\n<p>\u201cA Seap est\u00e1 trabalhando com a pol\u00edcia civil para fornecer as informa\u00e7\u00f5es necess\u00e1rias \u00e0 investiga\u00e7\u00e3o e apurar todas as circunst\u00e2ncias da fuga\u201d, informou o governo.<\/p>\n<p>O pres\u00eddio tem 269 presos, sendo 237 em regime fechado.<\/p>\n<p>A Secretaria da Seguran\u00e7a P\u00fablica informou, em nota, que as for\u00e7as policiais atuam de forma integrada e que as circunst\u00e2ncias da fuga ser\u00e3o investigadas pela Pol\u00edcia Civil.<\/p>\n<p><strong>Aparato de guerra<\/strong><br \/>\nEm entrevista por telefone, o presidente da Reviver, Odair Concei\u00e7\u00e3o, disse que o ataque contra o complexo penal teve caracter\u00edsticas in\u00e9ditas pela viol\u00eancia como ocorreu. \u201c\u00c9 algo in\u00e9dito na Bahia. N\u00e3o se tem not\u00edcia de uma fuga orquestrada com o tamanho aparato de guerra\u201d.<\/p>\n<p>N\u00e3o houve feridos, mas o presidente da empresa avalia que h\u00e1 um \u201cdano terr\u00edvel\u201d com a fuga dos internos e o consequente perigo para a sociedade. \u201cCom toda certeza, em breve, eles voltar\u00e3o para a pris\u00e3o de onde fugiram\u201d, acredita.<\/p>\n<p>Odair Nascimento explica que a \u00e1rea do complexo penal \u00e9 restrita e com prote\u00e7\u00e3o. \u201cMas, em fun\u00e7\u00e3o do aparato bal\u00edstico que eles tinham, eles sa\u00edram abrindo caminho com tiros em s\u00e9rie. Houve naturalmente limita\u00e7\u00e3o do poder de resposta\u201d, disse.<\/p>\n<p>O presidente da empresa garante que havia, ao menos, 40 funcion\u00e1rios no momento do ataque, e que todos eles passam por treinamentos para situa\u00e7\u00f5es como essa.<\/p>\n<p>\u201cEles recebem um treinamento para enfrentar esse tipo de crise. H\u00e1 um trabalho conjunto no modelo da cogest\u00e3o. Naturalmente que o fato deixa as pessoas apreensivas\u201d. Ele acrescentou que a seguran\u00e7a p\u00fablica fez um refor\u00e7o na unidade com a aloca\u00e7\u00e3o de mais policiais.<\/p>\n<p><strong>Cogest\u00e3o <\/strong><br \/>\nOdair Nascimento disse que o modelo de cogest\u00e3o da empresa privada com a estrutura do estado da Bahia tem uma distin\u00e7\u00e3o entre as atividades que cada parte \u00e9 respons\u00e1vel. O poder p\u00fablico cuida da execu\u00e7\u00e3o penal, seguran\u00e7a, escolta e classifica\u00e7\u00e3o de presos, al\u00e9m de controle da unidade. J\u00e1 a empresa privada trata de atividades como as assist\u00eancias material, social, jur\u00eddica e de sa\u00fade.<\/p>\n<p>\u201cN\u00f3s fazemos a assist\u00eancia ao interno prevista na Lei de Execu\u00e7\u00e3o Penal. Esse trabalho \u00e9 desempenhado por uma equipe multidisciplinar. Em uma unidade dessa, h\u00e1 mais de 30 fun\u00e7\u00f5es desempenhadas&#8221;, explica.<\/p>\n<p>Entre essas atividades, est\u00e1 o monitor de ressocializa\u00e7\u00e3o, que \u00e9 o profissional que faz o acompanhamento de deslocamento dos internos. O monitor leva, por exemplo, o detento para o banho de sol, para receber visitas, como a de familiares e advogados e para desenvolver as atividades de ressocializa\u00e7\u00e3o que s\u00e3o tratadas dentro da unidade.<\/p>\n","protected":false},"excerpt":{"rendered":"<p>As for\u00e7as policiais na Bahia buscam recapturar os 16 presos que fugiram no final da noite de quinta-feira (12), por volta das 23h, do complexo penal de Eun\u00e1polis, a 650 quil\u00f4metros ao sul de Salvador. Os detentos conseguiram sair do pres\u00eddio depois de um ataque de um grupo de criminosos que portavam armas de grosso [&hellip;]<\/p>\n","protected":false},"author":2,"featured_media":343072,"comment_status":"closed","ping_status":"closed","sticky":false,"template":"","format":"standard","meta":{"_acf_changed":false,"footnotes":""},"categories":[165],"tags":[],"class_list":["post-343071","post","type-post","status-publish","format-standard","has-post-thumbnail","hentry","category-nordeste"],"acf":[],"_links":{"self":[{"href":"https:\/\/www.notibras.com\/site\/wp-json\/wp\/v2\/posts\/343071","targetHints":{"allow":["GET"]}}],"collection":[{"href":"https:\/\/www.notibras.com\/site\/wp-json\/wp\/v2\/posts"}],"about":[{"href":"https:\/\/www.notibras.com\/site\/wp-json\/wp\/v2\/types\/post"}],"author":[{"embeddable":true,"href":"https:\/\/www.notibras.com\/site\/wp-json\/wp\/v2\/users\/2"}],"replies":[{"embeddable":true,"href":"https:\/\/www.notibras.com\/site\/wp-json\/wp\/v2\/comments?post=343071"}],"version-history":[{"count":1,"href":"https:\/\/www.notibras.com\/site\/wp-json\/wp\/v2\/posts\/343071\/revisions"}],"predecessor-version":[{"id":343073,"href":"https:\/\/www.notibras.com\/site\/wp-json\/wp\/v2\/posts\/343071\/revisions\/343073"}],"wp:featuredmedia":[{"embeddable":true,"href":"https:\/\/www.notibras.com\/site\/wp-json\/wp\/v2\/media\/343072"}],"wp:attachment":[{"href":"https:\/\/www.notibras.com\/site\/wp-json\/wp\/v2\/media?parent=343071"}],"wp:term":[{"taxonomy":"category","embeddable":true,"href":"https:\/\/www.notibras.com\/site\/wp-json\/wp\/v2\/categories?post=343071"},{"taxonomy":"post_tag","embeddable":true,"href":"https:\/\/www.notibras.com\/site\/wp-json\/wp\/v2\/tags?post=343071"}],"curies":[{"name":"wp","href":"https:\/\/api.w.org\/{rel}","templated":true}]}}